{"id":89478,"date":"2018-02-17T10:23:00","date_gmt":"2018-02-17T10:23:00","guid":{"rendered":""},"modified":"2023-01-06T20:34:38","modified_gmt":"2023-01-06T20:34:38","slug":"notiunea-descentralizarii-administrativ","status":"publish","type":"post","link":"https:\/\/cvnextjob.com\/index.php\/2018\/02\/17\/notiunea-descentralizarii-administrativ\/","title":{"rendered":"No\u0163iunea descentraliz\u0103rii administrativ teritoriale \u015fi pe servicii."},"content":{"rendered":"<div style=\"margin-top: 0px; margin-bottom: 0px;\" class=\"sharethis-inline-share-buttons\" ><\/div><h3 class=\"post-title entry-title\" itemprop=\"headline\" style=\"background-color: white; color: #333333; font-family: Oswald, sans-serif; font-size: 20px; font-stretch: normal; font-variant-east-asian: normal; font-variant-numeric: normal; font-weight: normal; line-height: 1.1; margin: 0px 0px 10px; padding: 0px; position: relative;\"><\/h3>\n<div class=\"post-body entry-content\" id=\"post-body-540310742599264703\" style=\"background-color: white; color: #555555; font-family: Roboto, Arial, Helvetica, sans-serif; font-size: 13px; line-height: 1.7; margin: 0px; overflow: hidden; padding: 0px; width: 615px;\">\n<div class=\"NormalWeb2\" style=\"margin-left: 0in; text-align: justify;\"><span lang=\"RO\">No\u0163iunea descentraliz\u0103rii are o accep\u0163ie larg\u0103 \u015fi una restr\u0103ns\u0103. &nbsp;\u00cen sens larg, prin descentralizare se \u00een\u0163elege orice transfer de atribu\u0163ii&nbsp; din plan central \u00een plan local, indiferentr de procedeul folosit. \u00cen sens restr\u00e2ns, descentralizarea este legat\u0103 de procedeul de realizare a acestuia. Un procedeu analizat deja, este cel al transferului de atribu\u0163ii c\u0103tre unit\u0103\u0163ile administrativ \u2013 teritoriale ( descentralizarea teritorial\u0103). Al doilea procedeu al descentraliz\u0103rii este acela al serviciului public, c\u00e2nd se realizeaz\u0103 desprinderea unor servicii publice din competen\u0163a central\u0103 sau local\u0103 \u015fi se confer\u0103 acestora personalitate juridic\u0103.&nbsp;<\/span><\/div>\n<\/div>\n","protected":false},"excerpt":{"rendered":"<p>No\u0163iunea descentraliz\u0103rii are o accep\u0163ie larg\u0103 \u015fi una restr\u0103ns\u0103. &nbsp;\u00cen sens larg, prin descentralizare se \u00een\u0163elege orice transfer de atribu\u0163ii&nbsp; din plan central \u00een plan local, indiferentr de procedeul folosit. \u00cen sens restr\u00e2ns, descentralizarea este legat\u0103 de procedeul de realizare a acestuia. Un procedeu analizat deja, este cel al transferului de atribu\u0163ii c\u0103tre unit\u0103\u0163ile administrativ [&hellip;]<\/p>\n","protected":false},"author":2,"featured_media":0,"comment_status":"closed","ping_status":"closed","sticky":false,"template":"","format":"standard","meta":[],"categories":[1],"tags":[],"aioseo_notices":[],"_links":{"self":[{"href":"https:\/\/cvnextjob.com\/index.php\/wp-json\/wp\/v2\/posts\/89478"}],"collection":[{"href":"https:\/\/cvnextjob.com\/index.php\/wp-json\/wp\/v2\/posts"}],"about":[{"href":"https:\/\/cvnextjob.com\/index.php\/wp-json\/wp\/v2\/types\/post"}],"author":[{"embeddable":true,"href":"https:\/\/cvnextjob.com\/index.php\/wp-json\/wp\/v2\/users\/2"}],"replies":[{"embeddable":true,"href":"https:\/\/cvnextjob.com\/index.php\/wp-json\/wp\/v2\/comments?post=89478"}],"version-history":[{"count":0,"href":"https:\/\/cvnextjob.com\/index.php\/wp-json\/wp\/v2\/posts\/89478\/revisions"}],"wp:attachment":[{"href":"https:\/\/cvnextjob.com\/index.php\/wp-json\/wp\/v2\/media?parent=89478"}],"wp:term":[{"taxonomy":"category","embeddable":true,"href":"https:\/\/cvnextjob.com\/index.php\/wp-json\/wp\/v2\/categories?post=89478"},{"taxonomy":"post_tag","embeddable":true,"href":"https:\/\/cvnextjob.com\/index.php\/wp-json\/wp\/v2\/tags?post=89478"}],"curies":[{"name":"wp","href":"https:\/\/api.w.org\/{rel}","templated":true}]}}