{"id":89343,"date":"2018-02-17T15:56:00","date_gmt":"2018-02-17T15:56:00","guid":{"rendered":""},"modified":"2023-01-06T20:33:34","modified_gmt":"2023-01-06T20:33:34","slug":"criza-si-opinia-publica-relatiile","status":"publish","type":"post","link":"https:\/\/cvnextjob.com\/index.php\/2018\/02\/17\/criza-si-opinia-publica-relatiile\/","title":{"rendered":"Criza \u015fi opinia public\u0103. Rela\u0163iile centrului de coordonare a crizelor cu Mass-Media."},"content":{"rendered":"<div style=\"margin-top: 0px; margin-bottom: 0px;\" class=\"sharethis-inline-share-buttons\" ><\/div><h3 class=\"post-title entry-title\" itemprop=\"headline\" style=\"background-color: white; color: #333333; font-family: Oswald, sans-serif; font-size: 20px; font-stretch: normal; font-variant-east-asian: normal; font-variant-numeric: normal; font-weight: normal; line-height: 1.1; margin: 0px 0px 10px; padding: 0px; position: relative;\"><\/h3>\n<div class=\"post-body entry-content\" id=\"post-body-5837629100580805969\" style=\"background-color: white; color: #555555; font-family: Roboto, Arial, Helvetica, sans-serif; font-size: 13px; line-height: 1.7; margin: 0px; overflow: hidden; padding: 0px; width: 615px;\">\n<div style=\"text-align: justify;\">Criza este definit\u0103, \u00een unele lucr\u0103ri, ca \u201eun moment de ruptur\u0103 \u00een interiorul unui sistem organizat.\u201c \u00cen acest caz, ele cunosc un moment de trecere de la normalitate la anormalitate, un moment de trecere de la anormalitate la preciz\u0103 \u015fi un moment (ruptura) de trecere de la precriz\u0103 la criz\u0103. Acest moment (ruptura) ar putea fi numit prag critic. Un alt prag critic \u2013 ultimul \u2013 este acela \u00een care se trece de la criz\u0103 la r\u0103zboi (conflict violent). Indiferent cum s-ar produce \u015fi care ar fi cauzele lor generatoare, crizele se cer studiate, analizate, monitorizate \u015fi solu\u0163ionate. Uneori, solu\u0163iile rezult\u0103 din \u00eensu\u015fi procesul de transformare, alteori este nevoie de interven\u0163ia prompt\u0103, eficient\u0103 \u015fi responsabil\u0103, atunci c\u00e2nd \u015fi acolo unde este necesar, a factorului uman, a gestionarului de crize \u015fi conflicte. Printre principalele caracteristici ale situa\u0163iilor zonale, regionale \u015fi interna\u0163ionale generatoare de crize se situeaz\u0103 \u015fi urm\u0103toarele: apari\u0163ia \u015fi proliferarea unor tendin\u0163e de revizuire a frontierelor; criza resurselor; accelerarea traficului ilegal de m\u0103rfuri \u015fi proliferarea contrabandei; emigra\u0163ia spre \u0163\u0103rile dezvoltate \u015fi stabile; apari\u0163ia re\u0163elelor transfrontaliere ale traficului de droguri, prostitu\u0163iei \u015fi crimei organizate; \u00eenmul\u0163irea societ\u0103\u0163ilor fantom\u0103 transna\u0163ionale care finan\u0163eaz\u0103 crima organizat\u0103 \u015fi terorismul; apari\u0163ia \u015fi \u00eenmul\u0163irea unor baze disparate (sau sucursale ale altora care se afl\u0103, de regul\u0103, \u00een \u0163\u0103rile dezvoltate) ale terorismului interna\u0163ional; proliferarea diferendelor etnice; r\u0103zboaiele de secesiune etc. Leg\u0103tura dintre criz\u0103 \u015fi opinia public\u0103, fie ea na\u0163ional\u0103 sau interna\u0163ional\u0103, este foarte important\u0103 din mai multe puncte de vedere. \u00cen primul r\u00e2nd, opinia public\u0103 decide asupra gravit\u0103\u0163ii crizei, dar esen\u0163ial este faptul c\u0103, de multe ori, anume opinia public\u0103 este cea care poate influen\u0163a \u00een mod direct interven\u0163ia unui stat sau grup de state \u00een solu\u0163ionarea crizei. Impactul unor evenimente asupra opiniei publice poate genera un puternic val de influen\u0163are a deciziilor liderilor de state, care vor decide modalit\u0103\u0163ile de solu\u0163ionare a crizei \u00een dependen\u0163\u0103 de opinia public\u0103 pentru a un intra \u00een conflict cu aceasta. Mass-media este cea care formeaz\u0103 opinia public\u0103, de accea este foarte important cum reprezentan\u0163ii acesteia sunt trata\u0163i. Centrele de coordonare a crizelor, ca \u015fi orice institu\u0163ie de altfel, dispune de \u00een primul r\u00e2nd de un ofi\u0163er de pres\u0103 mandatat s\u0103 informeze despre cursul evenimentelor. Mass-media are reprezentan\u0163i acredita\u0163i, care au dreptul de acces \u00een sediile centrelor de coordonare a crizelor, astfel cre\u00e2ndu-se condi\u0163ii optime de comunicare \u00eentre cei care iau decizia \u015fi opinia public\u0103.<\/div>\n<\/div>\n","protected":false},"excerpt":{"rendered":"<p>Criza este definit\u0103, \u00een unele lucr\u0103ri, ca \u201eun moment de ruptur\u0103 \u00een interiorul unui sistem organizat.\u201c \u00cen acest caz, ele cunosc un moment de trecere de la normalitate la anormalitate, un moment de trecere de la anormalitate la preciz\u0103 \u015fi un moment (ruptura) de trecere de la precriz\u0103 la criz\u0103. Acest moment (ruptura) ar putea [&hellip;]<\/p>\n","protected":false},"author":2,"featured_media":0,"comment_status":"closed","ping_status":"closed","sticky":false,"template":"","format":"standard","meta":[],"categories":[1],"tags":[],"aioseo_notices":[],"_links":{"self":[{"href":"https:\/\/cvnextjob.com\/index.php\/wp-json\/wp\/v2\/posts\/89343"}],"collection":[{"href":"https:\/\/cvnextjob.com\/index.php\/wp-json\/wp\/v2\/posts"}],"about":[{"href":"https:\/\/cvnextjob.com\/index.php\/wp-json\/wp\/v2\/types\/post"}],"author":[{"embeddable":true,"href":"https:\/\/cvnextjob.com\/index.php\/wp-json\/wp\/v2\/users\/2"}],"replies":[{"embeddable":true,"href":"https:\/\/cvnextjob.com\/index.php\/wp-json\/wp\/v2\/comments?post=89343"}],"version-history":[{"count":0,"href":"https:\/\/cvnextjob.com\/index.php\/wp-json\/wp\/v2\/posts\/89343\/revisions"}],"wp:attachment":[{"href":"https:\/\/cvnextjob.com\/index.php\/wp-json\/wp\/v2\/media?parent=89343"}],"wp:term":[{"taxonomy":"category","embeddable":true,"href":"https:\/\/cvnextjob.com\/index.php\/wp-json\/wp\/v2\/categories?post=89343"},{"taxonomy":"post_tag","embeddable":true,"href":"https:\/\/cvnextjob.com\/index.php\/wp-json\/wp\/v2\/tags?post=89343"}],"curies":[{"name":"wp","href":"https:\/\/api.w.org\/{rel}","templated":true}]}}