{"id":88879,"date":"2018-02-19T08:35:00","date_gmt":"2018-02-19T08:35:00","guid":{"rendered":""},"modified":"2023-01-06T20:30:39","modified_gmt":"2023-01-06T20:30:39","slug":"caderea-comunismului-in-romania-frontul","status":"publish","type":"post","link":"https:\/\/cvnextjob.com\/index.php\/2018\/02\/19\/caderea-comunismului-in-romania-frontul\/","title":{"rendered":"C\u0103derea comunismului \u00een Romania. Frontul Salv\u0103rii Na\u0163ionale \u015fi noile realit\u0103\u0163i politice din Rom\u00e2nia."},"content":{"rendered":"<div style=\"margin-top: 0px; margin-bottom: 0px;\" class=\"sharethis-inline-share-buttons\" ><\/div><h3 class=\"post-title entry-title\" itemprop=\"headline\" style=\"background-color: white; color: #333333; font-family: Oswald, sans-serif; font-size: 20px; font-stretch: normal; font-variant-east-asian: normal; font-variant-numeric: normal; font-weight: normal; line-height: 1.1; margin: 0px 0px 10px; padding: 0px; position: relative;\"><\/h3>\n<div class=\"post-body entry-content\" id=\"post-body-748708995669765316\" style=\"background-color: white; color: #555555; font-family: Roboto, Arial, Helvetica, sans-serif; font-size: 13px; line-height: 1.7; margin: 0px; overflow: hidden; padding: 0px; width: 615px;\">\n<div style=\"text-align: justify;\"><span lang=\"EN-US\">Rom. cunoscuse in anii 1947-1989, timp de patru decenii de la proclamarea republicii si cucerirea puterii de catre comunisti, o perioada grea, de regim totalitar aservit Moscovei. \u201cPerestroika\u201d \u2013 promovata in 1984 de conducatorul sovietic Gorbaciov urmarea reformarea sist. comunist de guvernare, aducerea unor schimbari de structura vachiului sistem din timpul lui Stalin.<\/span><span lang=\"EN-US\">&nbsp;C\u0103derea blocului comunist din 1989 a pornit de la discu\u0163iile purtate la masa rotund\u0103 \u00een Polonia (februarie-aprilie 1989).<\/span>&nbsp;La 6 febr.1990 form.Frontul Salv. Na\u0163, rezultat al transform\u0103rii FSN din organ provizoriu al<a href=\"https:\/\/www.blogger.com\/blogger.g?blogID=4202955034125599721\" name=\"more\" style=\"color: #ee5307; outline: none; text-decoration-line: none;\"><\/a>&nbsp;puterii de stat \u00een mi\u015fcare popular\u0103. \u00cen apr. 1990-prima Confer.Na\u0163ional\u0103 a FSN, care l-a ales \u00een func\u0163ia de pre\u015fedinte pe Ion Iliescu. De\u015fi a c\u00e2\u015ftigat alegerile din 20 mai 1990, FSN era \u00een pragul destr\u0103m\u0103rii. Conven\u0163ia Na\u0163ional\u0103 a FSN din 16-17 martie 1991 a fost momentul primei \u00eencerc\u0103ri de a\u015fezare pe baze doctrinare a partidului. Potrivit mo\u0163iunii \u201eUn viitor pentru Rom\u00e2nia\u201d, FSN era definit ca un \u201epartid de centru st\u00e2nga care se inspira din valorile social-democra\u0163iei moderne europene\u201d. Conventia FSN din 27-29 martie 1992 a fost momentul \u00een care diferen\u0163ele de viziune au determinat divizarea FSN. Sus\u0163in\u0103torii mo\u0163iunii \u201eViitorul \u2013 Azi\u201d au c\u00e2\u015ftigat \u00een urma votului iar Petre Roman a devenit pre\u015fedintele FSN. Grupul celor care au pierdut alegerile \u00een interiorul FSN s-a desprins \u015fi a format un nou partid, Frontul Democrat al Salv\u0103rii Na\u0163ionale. La prima Conferin\u0163\u0103 Na\u0163ional\u0103 a noului partid, care a avut loc \u00een 27-28 iunie 1992, s-a hot\u0103r\u00e2t sus\u0163inerea lui Ion Iliescu pentru alegerile preziden\u0163iale. Sus\u0163in\u0103torii mo\u0163iunii \u201eViitorul- Azi\u201d, de\u015fi au reu\u015fit s\u0103 se impun\u0103 \u00een interiorul FSN, au pierdut alegerile parlamentare din 1992. Ulterior, FSN \u015fi-a schimbat denumirea \u00een Partidul Democrat (PD).<\/div>\n<\/div>\n","protected":false},"excerpt":{"rendered":"<p>Rom. cunoscuse in anii 1947-1989, timp de patru decenii de la proclamarea republicii si cucerirea puterii de catre comunisti, o perioada grea, de regim totalitar aservit Moscovei. \u201cPerestroika\u201d \u2013 promovata in 1984 de conducatorul sovietic Gorbaciov urmarea reformarea sist. comunist de guvernare, aducerea unor schimbari de structura vachiului sistem din timpul lui Stalin.&nbsp;C\u0103derea blocului comunist [&hellip;]<\/p>\n","protected":false},"author":2,"featured_media":0,"comment_status":"closed","ping_status":"closed","sticky":false,"template":"","format":"standard","meta":[],"categories":[1],"tags":[],"aioseo_notices":[],"_links":{"self":[{"href":"https:\/\/cvnextjob.com\/index.php\/wp-json\/wp\/v2\/posts\/88879"}],"collection":[{"href":"https:\/\/cvnextjob.com\/index.php\/wp-json\/wp\/v2\/posts"}],"about":[{"href":"https:\/\/cvnextjob.com\/index.php\/wp-json\/wp\/v2\/types\/post"}],"author":[{"embeddable":true,"href":"https:\/\/cvnextjob.com\/index.php\/wp-json\/wp\/v2\/users\/2"}],"replies":[{"embeddable":true,"href":"https:\/\/cvnextjob.com\/index.php\/wp-json\/wp\/v2\/comments?post=88879"}],"version-history":[{"count":0,"href":"https:\/\/cvnextjob.com\/index.php\/wp-json\/wp\/v2\/posts\/88879\/revisions"}],"wp:attachment":[{"href":"https:\/\/cvnextjob.com\/index.php\/wp-json\/wp\/v2\/media?parent=88879"}],"wp:term":[{"taxonomy":"category","embeddable":true,"href":"https:\/\/cvnextjob.com\/index.php\/wp-json\/wp\/v2\/categories?post=88879"},{"taxonomy":"post_tag","embeddable":true,"href":"https:\/\/cvnextjob.com\/index.php\/wp-json\/wp\/v2\/tags?post=88879"}],"curies":[{"name":"wp","href":"https:\/\/api.w.org\/{rel}","templated":true}]}}