{"id":88813,"date":"2018-02-19T09:21:00","date_gmt":"2018-02-19T09:21:00","guid":{"rendered":""},"modified":"2023-01-06T20:30:16","modified_gmt":"2023-01-06T20:30:16","slug":"ideea-de-unitate-europeana-din","status":"publish","type":"post","link":"https:\/\/cvnextjob.com\/index.php\/2018\/02\/19\/ideea-de-unitate-europeana-din\/","title":{"rendered":"Ideea de unitate european\u0103 din perspectiv\u0103 istoric\u0103."},"content":{"rendered":"<div style=\"margin-top: 0px; margin-bottom: 0px;\" class=\"sharethis-inline-share-buttons\" ><\/div><h3 class=\"post-title entry-title\" itemprop=\"headline\" style=\"background-color: white; color: #333333; font-family: Oswald, sans-serif; font-size: 20px; font-stretch: normal; font-variant-east-asian: normal; font-variant-numeric: normal; font-weight: normal; line-height: 1.1; margin: 0px 0px 10px; padding: 0px; position: relative;\"><\/h3>\n<div class=\"post-body entry-content\" id=\"post-body-2059068858901905465\" style=\"background-color: white; color: #555555; font-family: Roboto, Arial, Helvetica, sans-serif; font-size: 13px; line-height: 1.7; margin: 0px; overflow: hidden; padding: 0px; width: 615px;\">\n<div style=\"text-align: justify;\"><span style=\"font-size: 12pt; line-height: 24px;\">Unitatea spa\u0163iului european catolic, aflat sub autoritatea spirituala a papalit\u0103\u0163ii, se realizeaz\u0103 pentru prima oara \u00een jurul anului 800 \u00een formula imperial\u0103 a lui Carol cel Mare, care, prin includerea \u00een imperiul s\u0103u a teritoriilor situate \u00eentre Pirinei, Oder, Tisa \u015fi Marea Adriatic\u0103, \u00ee\u015fi c\u00e2\u015ftig\u0103 din partea contemporanilor titlul de &#8220;p\u0103rinte al Europei&#8221;. Ideea Unific\u0103rii europene apare prima dat\u0103 \u00een condi\u0163iile proprii preocup\u0103rilor Evului Mediu de a se ap\u0103ra \u00eempotriva pericolelor, dar acea Uniune a r\u0103mas timp \u00eendelungat doar o aspira\u0163ie a unor g\u00e2nditori, filosofi, sfetnici. \u00centr-o prim\u0103 etap\u0103 Uniunea n-a avut sor\u0163i de izb\u00e2nd\u0103, deoarece ea a fost suprimat\u0103 de lupta pentru suveranitate&nbsp;<a href=\"https:\/\/www.blogger.com\/blogger.g?blogID=4202955034125599721\" name=\"more\" style=\"color: #ee5307; outline: none; text-decoration-line: none;\"><\/a>\u015fi identitate na\u0163ional\u0103. Ideea re\u00eenvie abia \u00een sec. XIV-XV c\u00e2nd apar c\u00e2teva proiecte de adun\u0103ri de regi \u015fi prin\u0163i. \u00cen acest sens,&nbsp;<b>Pierre Dubois (1250-1320) \u00ee<\/b>n lucr\u0103rile sale, (1300-1306), desemneaz\u0103 drept ideal realizarea p\u0103cii \u00eentre na\u0163iunile cre\u015ftine \u015fi cruciada \u00eempotriva necredincio\u015filor. Solu\u0163ia pe care o propune este cea a unei confedera\u0163ii europene, sub egida spiritual\u0103 a Papalit\u0103\u0163ii. \u00cen<b>&nbsp;1303<\/b>&nbsp;Dante \u00een opera \u201eDe Monarchia\u201d se pronun\u0163\u0103 pentru o monarhie unit\u0103, inspirat\u0103 din lumea roman\u0103.&nbsp;<b>George Podiebrad<\/b>&nbsp;propune \u00een 1463 suveranilor Europei un<span style=\"color: red;\">&nbsp;<\/span>proiect de confedera\u0163ie european\u0103 antiotoman\u0103. El pleda pentru \u00eenfiin\u0163area unei adun\u0103ri, \u00een cadrul c\u0103reia, c\u00e2te un vot s\u0103 revin\u0103 Fran\u0163ei, Germaniei, Vene\u0163iei, principilor italieni, Spaniei, Poloniei, Ungariei, ducilor Burgundiei \u015fi Bavariei, hot\u0103r\u00e2rile lu\u00e2ndu-se prin majoritate de voturi. Datorit\u0103 propunerii sale&nbsp;<b>George Podiebrad&nbsp;<\/b>intr\u0103 \u00een istorie ca \u201e<b>autorul primei \u00eencerc\u0103ri practice de a transforma Europa \u00eentr-o federa\u0163ie<\/b>\u201d. P<b>rima jum\u0103tate a secolului al XVII-lea<\/b>&nbsp;<b>Sully,<\/b>&nbsp;a formulat a\u015fa-numitul &#8220;Mare proiect&#8221;, adresat cardinalului Richelieu \u015fi atribuit regelui Henric al IV-lea al Fran\u0163ei. Acest proiect c\u0103ut\u00e2nd s\u0103 solu\u0163ioneze problemele continentului prin formule de tip federal. Se considera, astfel, c\u0103 forma de organizare optim\u0103 existent\u0103 a cinci monarhii elective (Imperiul Romano-German, Statul Papal, Polonia, Ungaria, Boemia), a \u015fase monarhii ereditare (Fran\u0163a, Spania, Anglia, Danemarca, Suedia, Lombardia) \u015fi a patru republici suverane (Vene\u0163ia, Italia, Elve\u0163ia \u015fi Belgia), cu suprafa\u0163\u0103 \u015fi for\u0163\u0103 economic\u0103 relativ egal\u0103. Rezolvarea tuturor problemelor litigioase urmau a reveni unui Consiliu al Europei, format din \u015fase Consilii provinciale. \u00cen aceea\u015fi epoc\u0103 un alt g\u00e2nditor al vremii William Penn, fiul unui amiral englez, propune \u00een 1692 o unificare a Europei printr-un contract permanent \u015fi organizarea unui parlament european, care s\u0103 reprezinte diferite popoare \u015fi nu prin\u0163i ai Europei, \u015fi s\u0103 nu fie bazat\u0103 pe motive religioase. Astfel, Imperiul Romano-German urma s\u0103 aib\u0103 12 reprezentan\u0163i, Fran\u0163a \u015fi Spania c\u00e2te 10, Italia 8, Anglia, Turcia \u015fi Rusia c\u00e2te 6, Elve\u0163ia \u015fi Polonia c\u00e2te 4, Portugalia, Danemarca, Vene\u0163ia c\u00e2te 3, Holstein \u015fi Kurland c\u00e2te 1. \u00cen acest context J.J. Rousseau propune o confedera\u0163ie, Montesquieu crede c\u0103 cel mai potrivit model de organizare a Europei ar fi liga Lycean\u0103, iar Voltaire crede c\u0103 realizarea unirii Europei este posibil\u0103 doar sub conducerea lui Frederic al II-lea. Henri de Saint-Simon-Sandricourt (1760-1825) \u00eempreun\u0103 cu Augustin Thierry, \u00eenainteaz\u0103 un plan de reorganizare a societ\u0103\u0163ii europene, prin reunirea popoarelor sale \u00eentr-un singur corp politic, cu p\u0103strarea independen\u0163ei na\u0163ionale. Este un adev\u0103rat proiect-pilot al Statelor Unite ale Europei, \u00een care se \u00eencorporeaz\u0103 deopotriv\u0103 elemente ale liberalismului, pacifismului \u015fi ale socialismului utopic, \u00eentr-o formul\u0103 de organizare federativ\u0103. Victor Hugo \u00een 1848, lanseaz\u0103 ideea cre\u0103rii \u201e<b>Statelor Unite ale Europei<\/b>\u201d, dup\u0103 modelul SUA. Realizarea practic\u0103 a obiectivelor Pan-Europei urmau a fi realizate \u00een mai multe etape. \u00centr-o prima faz\u0103, era preconizat\u0103 convocarea unei Conferin\u0163e pan-europeane,&nbsp;<b>\u00een cadrul c\u0103rora urmau a fi dezb\u0103tute&nbsp;<\/b>problemele dezarm\u0103rii; ale unific\u0103rii &#8211; comunica\u0163iilor, v\u0103milor, monedelor; protec\u0163ia minorit\u0103\u0163ilor; reglementarea datoriilor \u015fi repara\u0163iilor de r\u0103zboi; \u00cen faza urm\u0103toare, s\u0103 se \u00eencheie tratate de arbitraj obligatoriu, un pact de securitate \u00eentre toate statele europene democratice. \u00cen sf\u00e2r\u015fit, elaborarea \u015fi adoptarea Constitu\u0163iei pan-europene, cu parlament bicameral al continentului, o camer\u0103 a popoarelor, cu 300 de deputa\u0163i, \u015fi una a statelor, reprezent\u00e2nd cele 26 de state continentale, iar limba englez\u0103 s\u0103 fie introdus\u0103 ca limb\u0103 obligatorie \u00een \u015fcolile primare si secundare. Coudenhove-Kalergi a lansat \u00een&nbsp;<b>1924<\/b>&nbsp;un&nbsp;<i><b>Manifest european<\/b><\/i>, \u00een care se adreseaz\u0103 tuturor for\u0163elor democratice din Europa s\u0103 militeze pentru unificarea economic\u0103, politic\u0103 \u015fi militar\u0103 a continentului, prin uniune vamal\u0103 \u015fi \u00eenl\u0103turarea autarhiei economice, arbitraj obligatoriu \u015fi garan\u0163ii reciproce de securitate. \u00cen 1924, primul-ministru francez Edouard Herriot se pronun\u0163\u0103 favorabil ideii Statelor Unite ale Europei, iar ministrul de externe german Gustav Stresemann, se declara interesat de obiectivele economice ale uniunii preconizate. Astfel, \u00een 1924 ia fiin\u0163\u0103&nbsp;<b>Uniunea Vamal\u0103 European\u0103<\/b>. Mi\u015fcarea \u015fi-a propus realizarea unei uniuni vamale \u00een jurul unui nucleu central reprezentat de Fran\u0163a, Germania, Belgia \u015fi Luxemburg, cu atragerea URSS, a Marii Britanii \u015fi a SUA. \u00cen 1924 apare&nbsp;<b>Asocia\u0163ia pentru Cooperarea European\u0103<\/b>, care a \u00eencercat s\u0103 coaguleze unitatea elitei economice, politice \u015fi intelectuale din \u0163\u0103rile europene \u00een jurul unui program de extindere a cooper\u0103rii economice, prin atragerea Marii Britanii \u00een Europa Unit\u0103, \u015fi colaborarea cu Uniunea Sovietic\u0103, Turcia, Statele Unite \u015fi dominioanele britanice. In 1926 este creat Cartelul Interna\u0163ional al O\u0163elului \u00eentre Fran\u0163a, Germania, Belgia \u015fi Luxemburg, cu reglementarea produc\u0163iei pe baza de cote anuale, \u015fi \u00eenfiin\u0163area comitetului de studiu germano-francez, sub conducerea \u00c9mile Mayrisch, pentru promovarea unit\u0103\u0163ii economice a continentului \u015fi contracararea concuren\u0163ei americane.&nbsp;<b>\u00centre 4-23 mai 1927<\/b>, la Geneva se \u00eentrune\u015fte o Conferin\u0163\u0103 economic\u0103 mondial\u0103, \u00een cadrul c\u0103reia sunt luate \u00een dezbatere problemele legate de liberalizarea comer\u0163ului, desfiin\u0163area barierelor vamale, modalit\u0103\u0163ile de aplicare ale clauzei na\u0163iunii celei mai favorizate. La 19 septembrie 1946 Winston Churchill la Zurich se pronun\u0163\u0103 \u00een favoarea form\u0103rii&nbsp;<b>Statelor Unite ale Europei<\/b>&nbsp;\u00een jurul axei franco-germane, f\u0103r\u0103 Marea Britanie \u015fi pe principiul respect\u0103rii suveranit\u0103\u0163ii.&nbsp;<b>1950, 9 mai<\/b>: Robert Schuman, propune planul ce va sta la baza CECO&nbsp;<b>(&#8220;Declara\u0163ia Schuman&#8221;)<\/b>. Ideea a apar\u0163inut francezului Jean Monnet, fiind prezentat\u0103 de c\u0103tre Robert Schuman, la o conferin\u0163\u0103 de pres\u0103, \u00een cadrul c\u0103reia propune Germaniei \u015fi celorlalte state din Europa Occidental\u0103 s\u0103 alc\u0103tuiasc\u0103 o pia\u0163\u0103 comun\u0103, \u00een vederea conjug\u0103rii for\u0163elor pentru reconstruc\u0163ia economic\u0103 a statelor lor.&nbsp;<b>\u201eSuprana\u0163ionalitatea\u201d<\/b>&nbsp;este punctul de plecare a unei construc\u0163ii europene mai largi dar \u00een baza acestor limit\u0103ri se puneau temeliile unei federa\u0163ii europene, se profila viitoarea Uniune European\u0103, care pas cu pas \u00ee\u015fi va demonstra necesitatea \u015fi eficien\u0163a.<\/span><\/div>\n<\/div>\n","protected":false},"excerpt":{"rendered":"<p>Unitatea spa\u0163iului european catolic, aflat sub autoritatea spirituala a papalit\u0103\u0163ii, se realizeaz\u0103 pentru prima oara \u00een jurul anului 800 \u00een formula imperial\u0103 a lui Carol cel Mare, care, prin includerea \u00een imperiul s\u0103u a teritoriilor situate \u00eentre Pirinei, Oder, Tisa \u015fi Marea Adriatic\u0103, \u00ee\u015fi c\u00e2\u015ftig\u0103 din partea contemporanilor titlul de &#8220;p\u0103rinte al Europei&#8221;. Ideea Unific\u0103rii [&hellip;]<\/p>\n","protected":false},"author":2,"featured_media":0,"comment_status":"closed","ping_status":"closed","sticky":false,"template":"","format":"standard","meta":[],"categories":[1],"tags":[],"aioseo_notices":[],"_links":{"self":[{"href":"https:\/\/cvnextjob.com\/index.php\/wp-json\/wp\/v2\/posts\/88813"}],"collection":[{"href":"https:\/\/cvnextjob.com\/index.php\/wp-json\/wp\/v2\/posts"}],"about":[{"href":"https:\/\/cvnextjob.com\/index.php\/wp-json\/wp\/v2\/types\/post"}],"author":[{"embeddable":true,"href":"https:\/\/cvnextjob.com\/index.php\/wp-json\/wp\/v2\/users\/2"}],"replies":[{"embeddable":true,"href":"https:\/\/cvnextjob.com\/index.php\/wp-json\/wp\/v2\/comments?post=88813"}],"version-history":[{"count":0,"href":"https:\/\/cvnextjob.com\/index.php\/wp-json\/wp\/v2\/posts\/88813\/revisions"}],"wp:attachment":[{"href":"https:\/\/cvnextjob.com\/index.php\/wp-json\/wp\/v2\/media?parent=88813"}],"wp:term":[{"taxonomy":"category","embeddable":true,"href":"https:\/\/cvnextjob.com\/index.php\/wp-json\/wp\/v2\/categories?post=88813"},{"taxonomy":"post_tag","embeddable":true,"href":"https:\/\/cvnextjob.com\/index.php\/wp-json\/wp\/v2\/tags?post=88813"}],"curies":[{"name":"wp","href":"https:\/\/api.w.org\/{rel}","templated":true}]}}