{"id":88527,"date":"2018-02-21T18:22:00","date_gmt":"2018-02-21T18:22:00","guid":{"rendered":""},"modified":"2023-01-06T20:28:31","modified_gmt":"2023-01-06T20:28:31","slug":"sistemul-dreptului-international","status":"publish","type":"post","link":"https:\/\/cvnextjob.com\/index.php\/2018\/02\/21\/sistemul-dreptului-international\/","title":{"rendered":"Sistemul Dreptului Interna\u0163ional."},"content":{"rendered":"<div style=\"margin-top: 0px; margin-bottom: 0px;\" class=\"sharethis-inline-share-buttons\" ><\/div><h3 class=\"post-title entry-title\" itemprop=\"headline\" style=\"background-color: white; color: #333333; font-family: Oswald, sans-serif; font-size: 20px; font-stretch: normal; font-variant-east-asian: normal; font-variant-numeric: normal; font-weight: normal; line-height: 1.1; margin: 0px 0px 10px; padding: 0px; position: relative;\"><\/h3>\n<div class=\"post-body entry-content\" id=\"post-body-6290541298199236042\" style=\"background-color: white; color: #555555; font-family: Roboto, Arial, Helvetica, sans-serif; font-size: 13px; line-height: 1.7; margin: 0px; overflow: hidden; padding: 0px; width: 615px;\">\n<div style=\"line-height: 19.5px; text-align: justify;\"><span style=\"font-family: &quot;Times New Roman&quot;, serif; font-size: 12pt; line-height: 24px;\">\u00cen totalitatea lor normele juridice care compun dreptul interna\u0163ional public pot fi ordonate \u015fi sistematizate dup\u0103 criterii \u015ftiin\u0163ifice \u00een raport de domeniile care cad sub inciden\u0163a reglement\u0103rilor interna\u0163ionale, de institu\u0163iile juridice de drept interna\u0163ional, ca \u015fi de ramurile ce se pot constitui \u00een cadrul dreptului interna\u0163ional.<\/span><\/div>\n<div style=\"line-height: 19.5px; text-align: justify;\"><span style=\"font-family: &quot;Times New Roman&quot;, serif; font-size: 12pt; line-height: 24px;\">&nbsp;&nbsp;&nbsp;&nbsp;&nbsp;&nbsp;&nbsp;&nbsp;&nbsp;&nbsp;&nbsp; 1) \u00cemp\u0103r\u0163irea pe domenii este prima care s-a conturat \u00een procesul de evolu\u0163ie a dreptului interna\u0163ional.<\/span><\/div>\n<div style=\"line-height: 19.5px; text-align: justify;\"><span style=\"font-family: &quot;Times New Roman&quot;, serif; font-size: 12pt; line-height: 24px;\">&nbsp;&nbsp;&nbsp;&nbsp;&nbsp;&nbsp;&nbsp;&nbsp;&nbsp;&nbsp;&nbsp; Hugo Grotius \u00eemp\u0103r\u0163ea dreptul interna\u0163ional \u00een dou\u0103 mari p\u0103r\u0163i;<\/span><\/div>\n<div style=\"line-height: 19.5px; text-align: justify;\"><span style=\"font-family: &quot;Times New Roman&quot;, serif; font-size: 12pt; line-height: 24px;\">&nbsp;&nbsp;&nbsp;&nbsp;&nbsp;&nbsp;&nbsp;&nbsp;&nbsp;&nbsp;&nbsp; a) dreptul p\u0103cii.Acesta cuprindea normele aplicabile \u00een rela\u0163iile pa\u015fnice dintre state \u015fi \u00een cadrul c\u0103ruia materia era ordonat\u0103 pe ramurile tradi\u0163ionale ale dreptului civil intern: persoane, bunuri, contracte, etc.;<\/span><\/div>\n<div style=\"line-height: 19.5px; text-align: justify;\"><span style=\"font-family: &quot;Times New Roman&quot;, serif; font-size: 12pt; line-height: 24px;\">&nbsp;&nbsp;&nbsp;&nbsp;&nbsp;&nbsp;&nbsp;&nbsp;&nbsp;&nbsp;&nbsp; b) dreptul r\u0103zboiului, \u00een care se include \u015fi dreptul neutralit\u0103\u0163ii.Dreptul interna\u0163ional clasic era cu preponderen\u0163\u0103 un drept al r\u0103zboiului;<\/span><\/div>\n<div style=\"line-height: 19.5px; text-align: justify;\"><span style=\"font-family: &quot;Times New Roman&quot;, serif; font-size: 12pt; line-height: 24px;\">&nbsp;&nbsp;&nbsp;&nbsp;&nbsp;&nbsp;&nbsp;&nbsp;&nbsp;&nbsp;&nbsp; Interzicerea r\u0103zboiului de agresiune \u00een rela\u0163iile interna\u0163ionale, ca \u015fi evolu\u0163ia rapid\u0103, \u00een ultimele decenii, a unor variate domenii ale colabor\u0103rii interna\u0163ionale, a determinat ca \u00eemp\u0103r\u0163irea&nbsp; dreptului interna\u0163ional \u00een cele dou\u0103 mari domenii s\u0103 devin\u0103 \u00een mare parte caduc\u0103, ea nemaig\u0103sindu-\u015fi justificarea.<\/span><\/div>\n<div style=\"line-height: 19.5px; text-align: justify;\"><span style=\"font-family: &quot;Times New Roman&quot;, serif; font-size: 12pt; line-height: 24px;\">&nbsp;&nbsp;&nbsp;&nbsp;&nbsp;&nbsp;&nbsp;&nbsp;&nbsp;&nbsp;&nbsp; Dar, dac\u0103 dreptul la r\u0103zboi (jus ad bellum) a fost abolit, jus in bello (dreptul aplicabil \u00een conflictele armate), care reglementeaz\u0103 at\u00e2t modul de ducere a r\u0103zboiului, c\u00e2t \u015fi regulile de drept umanitar referitoare la protec\u0163ia victimelor conflictelor armate, cunoa\u015fte ast\u0103zi o puternic\u0103 afirmare \u00een scopul limit\u0103rii r\u0103zboiului \u015fi a propor\u0163iilor daunelor produse de acesta.<a href=\"https:\/\/www.blogger.com\/blogger.g?blogID=4202955034125599721\" name=\"more\" style=\"color: #ee5307; outline: none; text-decoration-line: none;\"><\/a><\/span><\/div>\n<p><\/p>\n<div style=\"line-height: 19.5px; text-align: justify;\"><span style=\"font-family: &quot;Times New Roman&quot;, serif; font-size: 12pt; line-height: 24px;\">&nbsp;&nbsp;&nbsp;&nbsp;&nbsp;&nbsp;&nbsp;&nbsp;&nbsp;&nbsp;&nbsp; Aceast\u0103 \u00eemp\u0103r\u0163ire se mai poate, \u00eens\u0103, constata \u015fi ast\u0103zi \u00een unele tratate de drept interna\u0163ional.<\/span><\/div>\n<div style=\"line-height: 19.5px; text-align: justify;\"><span style=\"font-family: &quot;Times New Roman&quot;, serif; font-size: 12pt; line-height: 24px;\">&nbsp;&nbsp;&nbsp;&nbsp;&nbsp;&nbsp;&nbsp;&nbsp;&nbsp;&nbsp;&nbsp; 2) \u00cemp\u0103r\u0163irea pe ramuri a dreptului interna\u0163ional s-a impus \u00een cadrul codific\u0103rii de dup\u0103 al doilea r\u0103zboi mondial.<\/span><\/div>\n<div style=\"line-height: 19.5px; text-align: justify;\"><span style=\"font-family: &quot;Times New Roman&quot;, serif; font-size: 12pt; line-height: 24px;\">&nbsp;&nbsp;&nbsp;&nbsp;&nbsp;&nbsp;&nbsp;&nbsp;&nbsp;&nbsp;&nbsp; Ea are la baz\u0103 sistematizarea dreptului dup\u0103 ramurile principale ale acestuia, conturate \u00een cadrul ansamblului de norme aplicabile conform direc\u0163iilor de preocupare ale societ\u0103\u0163ii contemporane \u015fi spacificului institu\u0163iilor de drept interna\u0163ional.<\/span><\/div>\n<div style=\"line-height: 19.5px; text-align: justify;\"><span style=\"font-family: &quot;Times New Roman&quot;, serif; font-size: 12pt; line-height: 24px;\">&nbsp;&nbsp;&nbsp;&nbsp;&nbsp;&nbsp;&nbsp;&nbsp;&nbsp;&nbsp;&nbsp; P\u00e2n\u0103 \u00een prezent, nu s-a conturat un consens asupra ramurilor dreptului interna\u0163ional.Se pot, \u00eens\u0103, enumera c\u00e2teva dintre acestea:<\/span><\/div>\n<div style=\"line-height: 19.5px; text-align: justify;\"><span style=\"font-family: &quot;Times New Roman&quot;, serif; font-size: 12pt; line-height: 24px;\">&nbsp;&nbsp;&nbsp;&nbsp;&nbsp;&nbsp;&nbsp;&nbsp;&nbsp;&nbsp;&nbsp; -Dreptul tratatelor;<\/span><\/div>\n<div style=\"line-height: 19.5px; text-align: justify;\"><span style=\"font-family: &quot;Times New Roman&quot;, serif; font-size: 12pt; line-height: 24px;\">&nbsp;&nbsp;&nbsp;&nbsp;&nbsp;&nbsp;&nbsp;&nbsp;&nbsp;&nbsp;&nbsp; -Dreptul protec\u0163iei omului;<\/span><\/div>\n<div style=\"line-height: 19.5px; text-align: justify;\"><span style=\"font-family: &quot;Times New Roman&quot;, serif; font-size: 12pt; line-height: 24px;\">&nbsp;&nbsp;&nbsp;&nbsp;&nbsp;&nbsp;&nbsp;&nbsp;&nbsp;&nbsp;&nbsp; -Dreptul diplomatic \u015fi consular;<\/span><\/div>\n<div style=\"line-height: 19.5px; text-align: justify;\"><span style=\"font-family: &quot;Times New Roman&quot;, serif; font-size: 12pt; line-height: 24px;\">&nbsp;&nbsp;&nbsp;&nbsp;&nbsp;&nbsp;&nbsp;&nbsp;&nbsp;&nbsp;&nbsp; -Dreptul m\u0103rii;<\/span><\/div>\n<div style=\"line-height: 19.5px; text-align: justify;\"><span style=\"font-family: &quot;Times New Roman&quot;, serif; font-size: 12pt; line-height: 24px;\">&nbsp;&nbsp;&nbsp;&nbsp;&nbsp;&nbsp;&nbsp;&nbsp;&nbsp;&nbsp;&nbsp; -Dreptul fluvial;<\/span><\/div>\n<div style=\"line-height: 19.5px; text-align: justify;\"><span style=\"font-family: &quot;Times New Roman&quot;, serif; font-size: 12pt; line-height: 24px;\">&nbsp;&nbsp;&nbsp;&nbsp;&nbsp;&nbsp;&nbsp;&nbsp;&nbsp;&nbsp;&nbsp; -Dreptul aerian;<\/span><\/div>\n<div style=\"line-height: 19.5px; text-align: justify;\"><span style=\"font-family: &quot;Times New Roman&quot;, serif; font-size: 12pt; line-height: 24px;\">&nbsp;&nbsp;&nbsp;&nbsp;&nbsp;&nbsp;&nbsp;&nbsp;&nbsp;&nbsp;&nbsp; -Dreptul spa\u0163ial;<\/span><\/div>\n<div style=\"line-height: 19.5px; text-align: justify;\"><span style=\"font-family: &quot;Times New Roman&quot;, serif; font-size: 12pt; line-height: 24px;\">&nbsp;&nbsp;&nbsp;&nbsp;&nbsp;&nbsp;&nbsp;&nbsp;&nbsp;&nbsp;&nbsp; -Dreptul organiza\u0163iilor interna\u0163ionale;<\/span><\/div>\n<div style=\"line-height: 19.5px; text-align: justify;\"><span style=\"font-family: &quot;Times New Roman&quot;, serif; font-size: 12pt; line-height: 24px;\">&nbsp;&nbsp;&nbsp;&nbsp;&nbsp;&nbsp;&nbsp;&nbsp;&nbsp;&nbsp;&nbsp; -Dreptul conflictelor armate, \u00een care intr\u0103 \u015fi dreptul umanitar;<\/span><\/div>\n<div style=\"line-height: 19.5px; text-align: justify;\"><span style=\"font-family: &quot;Times New Roman&quot;, serif; font-size: 12pt; line-height: 24px;\">&nbsp;&nbsp;&nbsp;&nbsp;&nbsp;&nbsp;&nbsp;&nbsp;&nbsp;&nbsp;&nbsp; -Dreptul interna\u0163ional penal;<\/span><\/div>\n<div style=\"line-height: 19.5px; text-align: justify;\"><span style=\"font-family: &quot;Times New Roman&quot;, serif; font-size: 12pt; line-height: 24px;\">&nbsp;&nbsp;&nbsp;&nbsp;&nbsp;&nbsp;&nbsp;&nbsp;&nbsp;&nbsp;&nbsp; Problema sistematiz\u0103rii dreptului interna\u0163ional public este departe de a fi solu\u0163ionat\u0103.Ramurilor deja conturate li se pot ad\u0103uga altele noi, cum sunt:<\/span><\/div>\n<div style=\"line-height: 19.5px; text-align: justify;\"><span style=\"font-family: &quot;Times New Roman&quot;, serif; font-size: 12pt; line-height: 24px;\">&nbsp;&nbsp;&nbsp;&nbsp;&nbsp;&nbsp;&nbsp;&nbsp;&nbsp;&nbsp;&nbsp; -Dreptul mediului;<\/span><\/div>\n<div style=\"line-height: 19.5px; text-align: justify;\"><span style=\"font-family: &quot;Times New Roman&quot;, serif; font-size: 12pt; line-height: 24px;\">&nbsp;&nbsp;&nbsp;&nbsp;&nbsp;&nbsp;&nbsp;&nbsp;&nbsp;&nbsp;&nbsp; -Dreptul dezvolt\u0103rii;<\/span><\/div>\n<div style=\"line-height: 19.5px; text-align: justify;\"><span style=\"font-family: &quot;Times New Roman&quot;, serif; font-size: 12pt; line-height: 24px;\">&nbsp;&nbsp;&nbsp;&nbsp;&nbsp;&nbsp;&nbsp;&nbsp;&nbsp;&nbsp;&nbsp; -Dreptul economic etc.<\/span><\/div>\n<div style=\"line-height: 19.5px; text-align: justify;\"><span style=\"font-family: &quot;Times New Roman&quot;, serif; font-size: 12pt; line-height: 24px;\">&nbsp;&nbsp;&nbsp;&nbsp;&nbsp;&nbsp;&nbsp;&nbsp;&nbsp;&nbsp;&nbsp; Problema sistematiz\u0103rii fiind foarte controversat\u0103, tratatele \u015fi manualele de drept de la noi \u00ee\u015fi organizeaz\u0103 expunerea \u015fi aplicarea normelor de drept interna\u0163ional pe baza institu\u0163iilor sale fundamentale.<\/span><\/div>\n<\/div>\n","protected":false},"excerpt":{"rendered":"<p>\u00cen totalitatea lor normele juridice care compun dreptul interna\u0163ional public pot fi ordonate \u015fi sistematizate dup\u0103 criterii \u015ftiin\u0163ifice \u00een raport de domeniile care cad sub inciden\u0163a reglement\u0103rilor interna\u0163ionale, de institu\u0163iile juridice de drept interna\u0163ional, ca \u015fi de ramurile ce se pot constitui \u00een cadrul dreptului interna\u0163ional. &nbsp;&nbsp;&nbsp;&nbsp;&nbsp;&nbsp;&nbsp;&nbsp;&nbsp;&nbsp;&nbsp; 1) \u00cemp\u0103r\u0163irea pe domenii este prima care s-a [&hellip;]<\/p>\n","protected":false},"author":2,"featured_media":0,"comment_status":"closed","ping_status":"closed","sticky":false,"template":"","format":"standard","meta":[],"categories":[1],"tags":[],"aioseo_notices":[],"_links":{"self":[{"href":"https:\/\/cvnextjob.com\/index.php\/wp-json\/wp\/v2\/posts\/88527"}],"collection":[{"href":"https:\/\/cvnextjob.com\/index.php\/wp-json\/wp\/v2\/posts"}],"about":[{"href":"https:\/\/cvnextjob.com\/index.php\/wp-json\/wp\/v2\/types\/post"}],"author":[{"embeddable":true,"href":"https:\/\/cvnextjob.com\/index.php\/wp-json\/wp\/v2\/users\/2"}],"replies":[{"embeddable":true,"href":"https:\/\/cvnextjob.com\/index.php\/wp-json\/wp\/v2\/comments?post=88527"}],"version-history":[{"count":0,"href":"https:\/\/cvnextjob.com\/index.php\/wp-json\/wp\/v2\/posts\/88527\/revisions"}],"wp:attachment":[{"href":"https:\/\/cvnextjob.com\/index.php\/wp-json\/wp\/v2\/media?parent=88527"}],"wp:term":[{"taxonomy":"category","embeddable":true,"href":"https:\/\/cvnextjob.com\/index.php\/wp-json\/wp\/v2\/categories?post=88527"},{"taxonomy":"post_tag","embeddable":true,"href":"https:\/\/cvnextjob.com\/index.php\/wp-json\/wp\/v2\/tags?post=88527"}],"curies":[{"name":"wp","href":"https:\/\/api.w.org\/{rel}","templated":true}]}}