{"id":84279,"date":"2018-10-17T17:48:00","date_gmt":"2018-10-17T17:48:00","guid":{"rendered":""},"modified":"2023-01-06T19:51:34","modified_gmt":"2023-01-06T19:51:34","slug":"video-mesaj-de-sustinere-pentrugheorghe","status":"publish","type":"post","link":"https:\/\/cvnextjob.com\/index.php\/2018\/10\/17\/video-mesaj-de-sustinere-pentrugheorghe\/","title":{"rendered":"(Video) Mesaj de sustinere pentru\u00a0Gheorghe Petic\u00a0din partea Diasporei"},"content":{"rendered":"<div style=\"margin-top: 0px; margin-bottom: 0px;\" class=\"sharethis-inline-share-buttons\" ><\/div><div><\/div>\n<p><img decoding=\"async\" loading=\"lazy\" src=\"https:\/\/i0.wp.com\/univerwork.com\/wp-content\/uploads\/2018\/10\/658x0_diaspora-658x301.jpg?resize=958%2C438\" alt=\"\" width=\"958\" height=\"438\" \/><\/p>\n<p>\u00a0<\/p>\n<p>Mesaj de sustinere pentru<span>\u00a0<\/span><a href=\"https:\/\/www.facebook.com\/gheorghe.petic.12?__tn__=%2CdK-R-R&amp;eid=ARD2YNdcDbSOX7L9atIUNyXrRhjZRCCtwP85tG9Hhn22B7Agel3Ke8Bv6MBMmlH2YU2MUtCmvpsdQbSc&amp;fref=mentions\">Gheorghe Petic<\/a><span>\u00a0<\/span>din partea Diasporei<\/p>\n<p>Apelul este \u00een limbile<span>\u00a0<\/span><a href=\"https:\/\/www.facebook.com\/hashtag\/englez%C4%83?source=feed_text\"><span><span>#<\/span><span>englez\u0103<\/span><\/span><\/a>,<span>\u00a0<\/span><a href=\"https:\/\/www.facebook.com\/hashtag\/italian%C4%83?source=feed_text\"><span><span>#<\/span><span>italian\u0103<\/span><\/span><\/a>,<span>\u00a0<\/span><a href=\"https:\/\/www.facebook.com\/hashtag\/german%C4%83?source=feed_text\"><span><span>#<\/span><span>german\u0103<\/span><\/span><\/a>,<span>\u00a0<\/span><a href=\"https:\/\/www.facebook.com\/hashtag\/polonez%C4%83?source=feed_text\"><span><span>#<\/span><span>polonez\u0103<\/span><\/span><\/a><span>\u00a0<\/span>\u0219i<span>\u00a0<\/span><a href=\"https:\/\/www.facebook.com\/hashtag\/rom%C3%A2n%C4%83?source=feed_text\"><span><span>#<\/span><span>rom\u00e2n\u0103<\/span><\/span><\/a><span>\u00a0<\/span>\u0219i, potrivit diasporei, este adresat<span>\u00a0<\/span><a href=\"https:\/\/www.facebook.com\/hashtag\/ue?source=feed_text\"><span><span>#<\/span><span>UE<\/span><\/span><\/a>,<span>\u00a0<\/span><a href=\"https:\/\/www.facebook.com\/hashtag\/consiliuleuropei?source=feed_text\"><span><span>#<\/span><span>ConsiliulEuropei<\/span><\/span><\/a>,<span>\u00a0<\/span><a href=\"https:\/\/www.facebook.com\/hashtag\/cedo?source=feed_text\"><span><span>#<\/span><span>CEDO<\/span><\/span><\/a>,<span>\u00a0<\/span><a href=\"https:\/\/www.facebook.com\/hashtag\/onu?source=feed_text\"><span><span>#<\/span><span>ONU<\/span><\/span><\/a>, etc. \u201e<a href=\"https:\/\/www.facebook.com\/hashtag\/moldova?source=feed_text\"><span><span>#<\/span><span>Moldova<\/span><\/span><\/a><span>\u00a0<\/span>e sf\u00e2\u0219iat\u0103 de dictatur\u0103! Atac dur asupra<span>\u00a0<\/span><a href=\"https:\/\/www.facebook.com\/hashtag\/democra%C8%9Biei?source=feed_text\"><span><span>#<\/span><span>democra\u021biei<\/span><\/span><\/a>,<a href=\"https:\/\/www.facebook.com\/hashtag\/drepturiloromului?source=feed_text\"><span><span>#<\/span><span>drepturiloromului<\/span><\/span><\/a>, libert\u0103\u021bii de exprimare \u0219i securit\u0103\u021bii personale a cet\u0103\u021benilor. Guvernarea de la<span>\u00a0<\/span><a href=\"https:\/\/www.facebook.com\/hashtag\/chi%C8%99in%C4%83u?source=feed_text\"><span><span>#<\/span><span>Chi\u0219in\u0103u<\/span><\/span><\/a><span>\u00a0<\/span>intimideaz\u0103, persecut\u0103, h\u0103r\u021buie\u0219te, amenin\u021b\u0103 \u0219i abuzeaz\u0103<\/p>\n<p> <a href=\"http:\/\/univerwork.com\/mesaj-de-sustinere-pentru-gheorghe-petic-din-partea-diasporei-2\">(Video) Mesaj de sustinere pentru\u00a0Gheorghe Petic\u00a0din partea Diasporei<\/a> <a href=\"https:\/\/jobsintern.blogspot.com\/2018\/10\/video-mesaj-de-sustinere-pentrugheorghe.html\">(Video) Mesaj de sustinere pentru\u00a0Gheorghe Petic\u00a0din partea Diasporei<\/a><\/p>\n","protected":false},"excerpt":{"rendered":"<p>\u00a0 Mesaj de sustinere pentru\u00a0Gheorghe Petic\u00a0din partea Diasporei Apelul este \u00een limbile\u00a0#englez\u0103,\u00a0#italian\u0103,\u00a0#german\u0103,\u00a0#polonez\u0103\u00a0\u0219i\u00a0#rom\u00e2n\u0103\u00a0\u0219i, potrivit diasporei, este adresat\u00a0#UE,\u00a0#ConsiliulEuropei,\u00a0#CEDO,\u00a0#ONU, etc. \u201e#Moldova\u00a0e sf\u00e2\u0219iat\u0103 de dictatur\u0103! Atac dur asupra\u00a0#democra\u021biei,#drepturiloromului, libert\u0103\u021bii de exprimare \u0219i securit\u0103\u021bii personale a cet\u0103\u021benilor. Guvernarea de la\u00a0#Chi\u0219in\u0103u\u00a0intimideaz\u0103, persecut\u0103, h\u0103r\u021buie\u0219te, amenin\u021b\u0103 \u0219i abuzeaz\u0103 (Video) Mesaj de sustinere pentru\u00a0Gheorghe Petic\u00a0din partea Diasporei (Video) Mesaj de sustinere pentru\u00a0Gheorghe Petic\u00a0din partea [&hellip;]<\/p>\n","protected":false},"author":2,"featured_media":0,"comment_status":"closed","ping_status":"closed","sticky":false,"template":"","format":"standard","meta":[],"categories":[1],"tags":[22],"aioseo_notices":[],"_links":{"self":[{"href":"https:\/\/cvnextjob.com\/index.php\/wp-json\/wp\/v2\/posts\/84279"}],"collection":[{"href":"https:\/\/cvnextjob.com\/index.php\/wp-json\/wp\/v2\/posts"}],"about":[{"href":"https:\/\/cvnextjob.com\/index.php\/wp-json\/wp\/v2\/types\/post"}],"author":[{"embeddable":true,"href":"https:\/\/cvnextjob.com\/index.php\/wp-json\/wp\/v2\/users\/2"}],"replies":[{"embeddable":true,"href":"https:\/\/cvnextjob.com\/index.php\/wp-json\/wp\/v2\/comments?post=84279"}],"version-history":[{"count":0,"href":"https:\/\/cvnextjob.com\/index.php\/wp-json\/wp\/v2\/posts\/84279\/revisions"}],"wp:attachment":[{"href":"https:\/\/cvnextjob.com\/index.php\/wp-json\/wp\/v2\/media?parent=84279"}],"wp:term":[{"taxonomy":"category","embeddable":true,"href":"https:\/\/cvnextjob.com\/index.php\/wp-json\/wp\/v2\/categories?post=84279"},{"taxonomy":"post_tag","embeddable":true,"href":"https:\/\/cvnextjob.com\/index.php\/wp-json\/wp\/v2\/tags?post=84279"}],"curies":[{"name":"wp","href":"https:\/\/api.w.org\/{rel}","templated":true}]}}