{"id":84275,"date":"2018-10-29T03:33:00","date_gmt":"2018-10-29T03:33:00","guid":{"rendered":""},"modified":"2023-01-06T19:51:32","modified_gmt":"2023-01-06T19:51:32","slug":"cadavrul-lui-andrei-braguta-video","status":"publish","type":"post","link":"https:\/\/cvnextjob.com\/index.php\/2018\/10\/29\/cadavrul-lui-andrei-braguta-video\/","title":{"rendered":"Cadavrul lui Andrei Br\u0103gu\u021b\u0103! (Video) Andrei Br\u0103gu\u021b\u0103 a fost b\u0103tut cu bestialitate de c\u0103tre colegii de celul\u0103! Gheorghe Petic: O s\u0103 fiu Br\u0103gu\u021ba 2"},"content":{"rendered":"<div style=\"margin-top: 0px; margin-bottom: 0px;\" class=\"sharethis-inline-share-buttons\" ><\/div><div><\/div>\n<div><span><span>Cadavrul lui Andrei Br\u0103gu\u021b\u0103<\/span><\/span>\u00a0 <\/div>\n<div><a href=\"https:\/\/i0.wp.com\/3.bp.blogspot.com\/-oh1hlxk7t4c\/W8UWKD9Qn9I\/AAAAAAAABSc\/U6hbZFhpw4EEjxlZZno4IoTiRA-qFRGiACLcBGAs\/s1600\/Cadavrul%2Blui%2BAndrei%2BBraguta.jpg?ssl=1\"><img decoding=\"async\" loading=\"lazy\" src=\"https:\/\/i0.wp.com\/3.bp.blogspot.com\/-oh1hlxk7t4c\/W8UWKD9Qn9I\/AAAAAAAABSc\/U6hbZFhpw4EEjxlZZno4IoTiRA-qFRGiACLcBGAs\/s640\/Cadavrul%2Blui%2BAndrei%2BBraguta.jpg?resize=640%2C346&amp;ssl=1\" width=\"640\" height=\"346\" border=\"0\" alt=\"Cadavrul%2Blui%2BAndrei%2BBraguta.jpg?re\" \/><\/a><\/div>\n<div><span><span><b>(Video) Andrei Br\u0103gu\u021b\u0103 a fost b\u0103tut cu bestialitate de c\u0103tre colegii de celul\u0103<\/b><\/span><\/span>\u00a0 <\/p>\n<p><span><\/span><\/p>\n<\/div>\n<div><span>Gheorghe Petic: O s\u0103 fiu Br\u0103gu\u021ba 2<br \/><\/span><\/div>\n<p>\u00a0<\/p>\n<div>Liderul organiza\u0163iei teritoriale Platforma DA Ungheni, Gheorghe Petic, a fost plasat luni, 15 octombrie, \u00een arest preventiv pentru 20 de zile, cu executarea mandatului de arest \u00een izolatorul din B\u0103l\u0163i. Astfel, instan\u0163a de judecat\u0103 a acceptat par\u0163ial demersul procurorilor care \u00eel b\u0103nuiesc pe fostul poli\u0163ist de frontier\u0103 de comiterea unui viol.<\/div>\n<div>\n<div>Aici e vorba de un dosar politic, victima a fost prelucrat\u0103 de direc\u0163ia a 5-a \u00een a\u015fa mod ca s\u0103 nu lase spa\u0163iu deloc. Nu am violat pe nimeni. Sunt re\u0163inut \u00een condi\u0163ii inumane. Solicit implicarea societ\u0103\u0163ii civile, a mass-mediei, a institu\u0163iilor interna\u0163ionale. \u00cen caz contrar voi fi Br\u0103gu\u0163\u0103 2\u2033, a declarat Gheorghe Petic pentru pres\u0103 din sala de judecat\u0103.<\/div>\n<div><\/div>\n<div><\/div>\n<ul>\n<li>\n<div>\n<div><\/div>\n<\/div>\n<div><\/div>\n<\/li>\n<li>\n<div>\n<div><a href=\"https:\/\/plopandrew.blogspot.com\/2018\/10\/video-diaspora-il-sustine-pe-gheorghe.html\" target=\"_blank\" rel=\"noopener\"><img decoding=\"async\" src=\"https:\/\/i0.wp.com\/1.bp.blogspot.com\/-9vEGgIGxgy0\/W9JMcpARsqI\/AAAAAAAABds\/FKDaIiPiAgw9p0D_3GDzmIKJdh0xiRRRACLcBGAs\/w72-h72-p-k-no-nu\/21616331_543398162658802_654824134756090560_n.jpg?ssl=1\" alt=\"\" border=\"0\" \/><\/a><\/div>\n<div><a href=\"https:\/\/plopandrew.blogspot.com\/2018\/10\/video-diaspora-il-sustine-pe-gheorghe.html\"><span><b>( Video) Diaspora \u00eel sus\u0163ine pe Gheorghe Petic! Protest la concertul \u0218or, \u00een Vene\u021bia! \u2013 Cealalt\u0103 Basarabie! Talk show-ul este realizat de Leanca Gri\u021bcan!<\/b><\/span><\/a><\/div>\n<div>Cealalt\u0103 Basarabie este despre moldovenii pleca\u021bi \u0219i stabili\u021bi peste hotare.! Talk show-ul este realizat de Leanca Gri\u021bcan! Diaspo\u2026<\/div>\n<\/div>\n<\/li>\n<\/ul>\n<\/div>\n<ul>\n<li>\n<div>\n<div><a href=\"https:\/\/plopandrew.blogspot.com\/2018\/10\/familia-lui-gheorghe-petic-este-in.html\" target=\"_blank\" rel=\"noopener\"><img decoding=\"async\" src=\"https:\/\/i2.wp.com\/3.bp.blogspot.com\/-PN0ykWJvaIE\/W8MZVsmQkFI\/AAAAAAAABQs\/v_7JsmnFQkMxqGciCe9sq-m33hZ2wTNvQCLcBGAs\/w72-h72-p-k-no-nu\/4782e335d99c2fc9b6fcbf8687c04814.jpg?ssl=1\" alt=\"\" border=\"0\" \/><\/a><\/div>\n<div><a href=\"https:\/\/plopandrew.blogspot.com\/2018\/10\/familia-lui-gheorghe-petic-este-in.html\"><span><b>Familia lui Gheorghe Petic este in pericol! Avem nevoie de ajutorul D-Voastra!<\/b><\/span><\/a><\/div>\n<div>Dupa toate dezvaluirile lui Gheorghe Petic si ceea ci s-a intamplat ulterior putem sa tragem cateva concluzii!\u00a0 Ca persoane\u2026<\/div>\n<\/div>\n<\/li>\n<li>\n<div><\/div>\n<\/li>\n<li>\n<div>\n<div><a href=\"https:\/\/plopandrew.blogspot.com\/2018\/10\/irina-arhire-care-il-ajuta-in-aceste.html\" target=\"_blank\" rel=\"noopener\"><img decoding=\"async\" src=\"https:\/\/i2.wp.com\/1.bp.blogspot.com\/-hSMAZqM1oFA\/W8hyBr5s9YI\/AAAAAAAABTw\/s0RXMEcbekUXwCG-SZzXn0LzZnulRpifACLcBGAs\/w72-h72-p-k-no-nu\/petic%2Bmoraru%2Bchirinciuc.jpg?ssl=1\" alt=\"\" border=\"0\" \/><\/a><\/div>\n<div><a href=\"https:\/\/plopandrew.blogspot.com\/2018\/10\/irina-arhire-care-il-ajuta-in-aceste.html\"><span><b>Irina Arhire care il ajuta in aceste momente dificile pe Gheorghe Petic si familia lui a fost amenintata de regimul criminal! Vor fabrica inca un dosar penal?!<\/b><\/span><\/a><\/div>\n<div>Din evul mediu p\u00e2n\u0103 \u00een prezent mul\u0163i au pus ochiul pe Moldova, pe acest teritoriu a avut loc r\u0103zboaie, cotropiri ale ungurilor, \u2026<\/div>\n<\/div>\n<div><\/div>\n<\/li>\n<li>\n<div>\n<div><a href=\"https:\/\/plopandrew.blogspot.com\/2018\/10\/pentru-acele-persoane-care-isi-fac.html\" target=\"_blank\" rel=\"noopener\"><img decoding=\"async\" src=\"https:\/\/i2.wp.com\/4.bp.blogspot.com\/-1aU6Cc7kERU\/W8eAVP8k3yI\/AAAAAAAABTk\/FSDXbTUzcno5ZLjWm8AQzM7esMsT-7jUACLcBGAs\/w72-h72-p-k-no-nu\/c0027a35-ede7-4e83-85cd-5d170fd99c4d.jpg?ssl=1\" alt=\"\" border=\"0\" \/><\/a><\/div>\n<div><a href=\"https:\/\/plopandrew.blogspot.com\/2018\/10\/pentru-acele-persoane-care-isi-fac.html\"><span><b>Pentru acele persoane care isi fac iluzii ca Gheorghe va fi eliberat! Avem nevoie de avocati profesionisti!<\/b><\/span><\/a><\/div>\n<div>Cu toti<\/div>\n<\/div>\n<p> <a href=\"http:\/\/univerwork.com\/cadavrul-lui-andrei-braguta-video-andrei-braguta-a-fost-batut-cu-bestialitate-de-catre-colegii-de-celula-gheorghe-petic-o-sa-fiu-braguta-2\">Cadavrul lui Andrei<\/a><\/li>\n<\/ul>\n<p> <a href=\"https:\/\/jobsintern.blogspot.com\/2018\/10\/cadavrul-lui-andrei-braguta-video.html\">Cadavrul lui Andrei Br\u0103gu\u021b\u0103! (Video) Andrei Br\u0103gu\u021b\u0103 a fost b\u0103tut cu bestialitate de c\u0103tre colegii de celul\u0103! Gheorghe Petic: O s\u0103 fiu Br\u0103gu\u021ba 2<\/a><\/p>\n","protected":false},"excerpt":{"rendered":"<p>Cadavrul lui Andrei Br\u0103gu\u021b\u0103\u00a0 (Video) Andrei Br\u0103gu\u021b\u0103 a fost b\u0103tut cu bestialitate de c\u0103tre colegii de celul\u0103\u00a0 Gheorghe Petic: O s\u0103 fiu Br\u0103gu\u021ba 2 \u00a0 Liderul organiza\u0163iei teritoriale Platforma DA Ungheni, Gheorghe Petic, a fost plasat luni, 15 octombrie, \u00een arest preventiv pentru 20 de zile, cu executarea mandatului de arest \u00een izolatorul din B\u0103l\u0163i. [&hellip;]<\/p>\n","protected":false},"author":2,"featured_media":0,"comment_status":"closed","ping_status":"closed","sticky":false,"template":"","format":"standard","meta":[],"categories":[1],"tags":[22],"aioseo_notices":[],"_links":{"self":[{"href":"https:\/\/cvnextjob.com\/index.php\/wp-json\/wp\/v2\/posts\/84275"}],"collection":[{"href":"https:\/\/cvnextjob.com\/index.php\/wp-json\/wp\/v2\/posts"}],"about":[{"href":"https:\/\/cvnextjob.com\/index.php\/wp-json\/wp\/v2\/types\/post"}],"author":[{"embeddable":true,"href":"https:\/\/cvnextjob.com\/index.php\/wp-json\/wp\/v2\/users\/2"}],"replies":[{"embeddable":true,"href":"https:\/\/cvnextjob.com\/index.php\/wp-json\/wp\/v2\/comments?post=84275"}],"version-history":[{"count":0,"href":"https:\/\/cvnextjob.com\/index.php\/wp-json\/wp\/v2\/posts\/84275\/revisions"}],"wp:attachment":[{"href":"https:\/\/cvnextjob.com\/index.php\/wp-json\/wp\/v2\/media?parent=84275"}],"wp:term":[{"taxonomy":"category","embeddable":true,"href":"https:\/\/cvnextjob.com\/index.php\/wp-json\/wp\/v2\/categories?post=84275"},{"taxonomy":"post_tag","embeddable":true,"href":"https:\/\/cvnextjob.com\/index.php\/wp-json\/wp\/v2\/tags?post=84275"}],"curies":[{"name":"wp","href":"https:\/\/api.w.org\/{rel}","templated":true}]}}