{"id":19152,"date":"2011-07-06T06:56:00","date_gmt":"2011-07-06T06:56:00","guid":{"rendered":"http:\/\/trainingsnews.com\/zona-libera-curtici-arad"},"modified":"2011-07-06T06:56:00","modified_gmt":"2011-07-06T06:56:00","slug":"zona-libera-curtici-arad","status":"publish","type":"post","link":"https:\/\/cvnextjob.com\/index.php\/2011\/07\/06\/zona-libera-curtici-arad\/","title":{"rendered":"Zona Liber\u0103 Curtici \u2013 Arad"},"content":{"rendered":"<div style=\"margin-top: 0px; margin-bottom: 0px;\" class=\"sharethis-inline-share-buttons\" ><\/div><p>\u00cen timp ce celelalte zone libere rom\u00e2ne\u015fti au fost \u00eenfiin\u0163ate deja \u015fi se dezvoltau din plin, crearea zonei libere Curtici \u2013 Arad nu era dec\u00e2t un proiect. Dup\u0103 cinci ani \u00een care s-a vorbit mult despre zona liber\u0103 ar\u0103dean\u0103 \u015fi dup\u0103 ce a fost blocat proiectul din cauza unor interese divergente, \u00een anul 1997 a fost realizat proiectul final \u015fi un studiu de fezabilitate care a fost aprobat \u00een urm\u0103torul an. Zona liber\u0103 Curtici- Arad va fi prima \u00een aceast\u0103 zon\u0103 a \u0163\u0103rii , celelalte zone afl\u00e2ndu-se \u015fi \u00een prezent la stadiul de proiect, ea av\u00e2nd frumoase perspective de dezvoltare industrial\u0103 \u015fi urbanistic\u0103 \u00een viitorul imediat. Costul total al investi\u0163iei a fost estimat la pre\u0163urile din anul 1997 ca fiind de 60 miliarde lei, veniturile aduse de zona liber\u0103 fiind estimate la 2 miliarde lei anual \u015fi, totodat\u0103, crearea a nu mai pu\u0163in de 6.000 locuri noi de munc\u0103.<br \/>\nPrin H.G. nr.449 din 8 iunie 1999 s-a \u00eenfiin\u0163at zona liber\u0103 Curtici \u2013 Arad, av\u00e2nd o suprafa\u0163\u0103 total\u0103 de 90 ha, compus\u0103 din dou\u0103 platforme situate \u00een vecin\u0103tatea ora\u015fului Curtici, la grani\u0163a cu Ungaria, precum \u015fi \u00een partea de vest a municipiului Arad, adiacent c\u0103ii de rulare a Aeroportului cu Trafic Interna\u0163ional Arad.<\/p>\n<p>Amplasarea geografic\u0103 a zonei<br \/>\n\u00cen compara\u0163ie cu alte zone libere rom\u00e2ne\u015fti, aceast\u0103 zona este singura amplasat\u0103, convenabil pentru investitori, \u00een partea de vest a Rom\u00e2niei, pe un coridor rutier european \u015fi pe culoarul feroviar 4(Berlin \u2013 Instambul\/Salonic), \u00een apropierea a patru puncte vamale. Amplasamentul favorabil al zonei(\u00eentre linia de cale ferat\u0103 care asigur\u0103 ie\u015firea spre Ungaria \u015fi Drumul Jude\u0163ean 792C Curtici-Doroban\u0163i \u015fi adiacent c\u0103ii de rulare a Aeroportului Interna\u0163ional Arad) permite folosirea urm\u0103toarelor c\u0103i de acces:<br \/>\n\u2013 Cale ferat\u0103 \u2013 Ora\u015ful Curtici este cel mai important nod de cale ferat\u0103, care asigur\u0103 leg\u0103tura dintre est \u015fi vest. Aradul este legat de Curtici printr-o cale ferat\u0103 dubl\u0103 \u015fi electrificat\u0103.<br \/>\n\u2013 Rutier \u2013 Leg\u0103tura dintre Arad \u015fi zona liber\u0103 Curtici \u2013 Arad poate fi f\u0103cut\u0103 prin Drumul Jude\u0163ean 709B, care asigur\u0103 un acces u\u015for c\u0103tre vestul Europei.<br \/>\n\u2013 Aerian \u2013 Zona liber\u0103 Curtici \u2013 Arad este singura zon\u0103 care include transport aerian datorit\u0103 existen\u0163ei Aeroportului Interna\u0163ional \u00een municipiul Arad. Aeroportul este dotat cu o pist\u0103 de decolare \u015fi aterizare din beton, cu lungimea de2000 m \u015fi o l\u0103\u0163ime de 45 m, cu o capacitate portant\u0103 de roat\u0103 izolat\u0103 de 27 tone. Astfel, este permis\u0103 decolarea-aterizarea avioanelor de pasageri \u015fi marf\u0103 \u00een condi\u0163ii de deplin\u0103 securitate. Pentru luna aprilie 2002, a fost preconizat ca s\u0103 devin\u0103 opera\u0163ional\u0103 Platforma Aeroport a zonei libere.<br \/>\nZona liber\u0103 Curtici \u2013 Arad este compus\u0103 din dou\u0103 platforme:<br \/>\n\u2022 Una \u00een suprafa\u0163\u0103 de 75 ha, \u00een ora\u015ful Curtici;<br \/>\n\u2022 Alta \u00een suprafa\u0163\u0103 de 15 ha, \u00een Aeroportul Interna\u0163ional Arad.<\/p>\n<p>Administrarea zonei libere Curtici \u2013 Arad<br \/>\nZona Liber\u0103 Curtici \u2013 Arad este administrat\u0103 de Administra\u0163ia Zonei Libere Curtici \u2013 Arad, care \u00ee\u015fi are sediul pe strada Mihai Eminescu nr.3 \u2013 5, iar principala atribu\u0163ie a acesteia este organizarea licita\u0163iilor de concesionare \u015fi \u00eenchiriere de terenuri. De asemenea, Administra\u0163ia este cea care asigur\u0103 \u00een perimetrul zonei servicii de paz\u0103, de comisionare \u00een vam\u0103 \u015fi schimb valutar, precum \u015fi control vamal al poli\u0163iei de frontier\u0103.<br \/>\nLicita\u0163iile se organizeaz\u0103  \u00een fiecare zi de joi din fiecare s\u0103pt\u0103m\u00e2n\u0103, iar documenta\u0163ia necesar\u0103 particip\u0103rii la licita\u0163ie se poate procura de la sediul Administra\u0163iei, contra sumei de 50 USD pentru \u00eenchiriere \u015fi 485 USD pentru concesiune. Pentru a participa la licita\u0163ie, solicitan\u0163ii vor depune la sediul AZL Curtici \u2013 Arad o cerere de participare \u015fi trebuie s\u0103 se \u00eencadreze \u00een urm\u0103toarele condi\u0163ii:<br \/>\nCondi\u0163ii de concesionare:<br \/>\n\u2013 Perioada maxim\u0103 de concesionare este de 10 ani, iar cea maxim\u0103 \u2013 de 50 ani;<br \/>\n\u2013 Suprafa\u0163a minim\u0103 care poate fi concesionat\u0103 este de 1.000 mp;<br \/>\n\u2013 Valoarea minim\u0103 de \u00eencepere a licita\u0163iei este de:<br \/>\n\u2022 5 USD\/mp\/an pentru mai pu\u0163in de 15.000 mp;<br \/>\n\u2022 4 USD\/mp\/an pentru 15.001 \u2013 20.000 mp;<br \/>\n\u2022 3 USD\/mp\/an pentru 20.001 \u2013 30.000 mp;<br \/>\n\u2022 2,5 USD\/mp\/an pentru 30.001 \u2013 40.000;<br \/>\n\u2022 2 USD\/mp\/an pentru mai mult de 40.000 mp.<br \/>\nCondi\u0163ii de \u00eenchiriere:<br \/>\n\u2013 Perioada minim\u0103 de \u00eenchiriere este de 6 luni, iar cea maxim\u0103 \u2013 de 1 an, cu posibilitatea de prelungire;<br \/>\n\u2013 Suprafa\u0163a minim\u0103 care poate fi \u00eenchiriat\u0103 este de 100 mp;<br \/>\n\u2013 Valoarea minim\u0103 de \u00eencepere a licita\u0163iei este de:<br \/>\n\u2022 3 USD\/mp\/lun\u0103 pentru 100 mp \u2013 500 mp;<br \/>\n\u2022 2 USD\/mp\/lun\u0103 pentru 501 \u2013 1000 mp;<br \/>\n\u2022 1 USD\/mp\/lun\u0103 pentru mai mult de 1000 mp.<\/p>\n<p>Activit\u0103\u0163ile desf\u0103\u015furate \u00een cadrul zonei libere Curtici \u2013 Arad<br \/>\nAceast\u0103 zon\u0103 liber\u0103 este un factor de emula\u0163ie economic\u0103 \u015fi social\u0103, pentru c\u0103 pe l\u00e2ng\u0103 activit\u0103\u0163ile specifice , a generat dezvoltarea unor servicii adiacente, legate de:<br \/>\n\u2022 circula\u0163ia capitalului financiar \u2013 bancar;<br \/>\n\u2022 servicii hoteliere;<br \/>\n\u2022 alimenta\u0163ie public\u0103;<br \/>\n\u2022 consultan\u0163\u0103;<br \/>\n\u2022 expedi\u0163ii interne \u015fi interna\u0163ionale;<br \/>\n\u2022 controlul calit\u0103\u0163ii \u015fi cantit\u0103\u0163ii m\u0103rfurilor.<br \/>\nCea mai t\u00e2n\u0103r\u0103 \u015fi dinamic\u0103 dintre zonele libere din Rom\u00e2nia, zona liber\u0103 Curtici \u2013 Arad s-a lansat mai mult dec\u00e2t promi\u0163\u0103tor, \u00een ultima perioad\u0103, concesion\u00e2nd \u015fi \u00eenchiriind terenuri pentru investitorii str\u0103ini \u015fi autohtoni, mai mult dec\u00e2t au realizat toate celelalte zone libere la un loc. A contribuit la dezvoltarea \u00eentreprinderilor mici \u015fi mijlocii ar\u0103dene, la dezvoltarea regional\u0103 \u015fi jude\u0163ean\u0103, la dezvoltarea rela\u0163iilor externe.<br \/>\n\u00cen prezent, sunt concesionate unor firme cu capital autohton \u015fi str\u0103in suprafe\u0163e \u00eensum\u00e2nd un total de 119.722 mp, ceea ce reprezint\u0103 un grad de ocupare al terenului de 17,35%. Actualii utilizatori \u2013 22 contracte de concesiune, 8 contracte de \u00eenchiriere, 6 contracte de asociere \u2013 efectueaz\u0103 \u00een zon\u0103 investi\u0163ii \u00een valoare de 17.559.100 USD \u015fi desf\u0103\u015foar\u0103 o gam\u0103 larg\u0103 de activit\u0103\u0163i(de la produc\u0163ie \u015fi prelucrare la depozitare \u015fi comercializare), urm\u00e2nd s\u0103 creeze un num\u0103r de 1.270 noi locuri de munc\u0103 \u00een viitorul apropiat.<\/p>\n<p>\nAvantajele oferite de zona liber\u0103 Curtici \u2013 Arad<br \/>\nAceast\u0103 zon\u0103 liber\u0103 ofer\u0103 utilizatorilor ei o infrastructur\u0103 dezvoltat\u0103 format\u0103 din : re\u0163ea ap\u0103 potabil\u0103, re\u0163ea de energie electric\u0103, canalizare fluvial\u0103, canalizare menajer\u0103, re\u0163ea de telecomunica\u0163ii, iluminat exterior \u015fi drumuri de incint\u0103.<br \/>\nInvestitorii din aceast\u0103 zon\u0103 beneficiaz\u0103 de urm\u0103toarele avantaje :<br \/>\n\uf0a7 Concesionarea \u015fi\/sau \u00eenchirierea terenurilor pentru o perioad\u0103 de p\u00e2n\u0103 la 50 ani;<br \/>\n\uf0a7 Scutiri de taxe vamale, TVA \u015fi impozit pe profit;<br \/>\n\uf0a7 Posibilitatea transferului peste hotare a capitalului \u015fi profitului;<br \/>\n\uf0a7 Posibilitatea angaj\u0103rii for\u0163ei de munc\u0103 calificat\u0103;<br \/>\n\uf0a7 Opera\u0163iile financiare se fac \u00een valut\u0103 liber convertibil\u0103;<br \/>\n\uf0a7 Posibilitatea schimb\u0103rii originii m\u0103rfii;<br \/>\n\uf0a7 Posibilitatea stoc\u0103rii m\u0103rfurilor \u00een depozite \u015fi v\u00e2nzarea lor pe m\u0103sur\u0103 ce pia\u0163a se dovede\u015fte a fi benefic\u0103 realiz\u0103rii profitului anticipat.<\/p>\n","protected":false},"excerpt":{"rendered":"<p>\u00cen timp ce celelalte zone libere rom\u00e2ne\u015fti au fost \u00eenfiin\u0163ate deja \u015fi se dezvoltau din plin, crearea zonei libere Curtici \u2013 Arad nu era dec\u00e2t un proiect. Dup\u0103 cinci ani \u00een care s-a vorbit mult despre zona liber\u0103 ar\u0103dean\u0103 \u015fi dup\u0103 ce a fost blocat proiectul din cauza unor interese divergente, \u00een anul 1997 a [&hellip;]<\/p>\n","protected":false},"author":1,"featured_media":0,"comment_status":"closed","ping_status":"closed","sticky":false,"template":"","format":"standard","meta":[],"categories":[11],"tags":[],"aioseo_notices":[],"_links":{"self":[{"href":"https:\/\/cvnextjob.com\/index.php\/wp-json\/wp\/v2\/posts\/19152"}],"collection":[{"href":"https:\/\/cvnextjob.com\/index.php\/wp-json\/wp\/v2\/posts"}],"about":[{"href":"https:\/\/cvnextjob.com\/index.php\/wp-json\/wp\/v2\/types\/post"}],"author":[{"embeddable":true,"href":"https:\/\/cvnextjob.com\/index.php\/wp-json\/wp\/v2\/users\/1"}],"replies":[{"embeddable":true,"href":"https:\/\/cvnextjob.com\/index.php\/wp-json\/wp\/v2\/comments?post=19152"}],"version-history":[{"count":0,"href":"https:\/\/cvnextjob.com\/index.php\/wp-json\/wp\/v2\/posts\/19152\/revisions"}],"wp:attachment":[{"href":"https:\/\/cvnextjob.com\/index.php\/wp-json\/wp\/v2\/media?parent=19152"}],"wp:term":[{"taxonomy":"category","embeddable":true,"href":"https:\/\/cvnextjob.com\/index.php\/wp-json\/wp\/v2\/categories?post=19152"},{"taxonomy":"post_tag","embeddable":true,"href":"https:\/\/cvnextjob.com\/index.php\/wp-json\/wp\/v2\/tags?post=19152"}],"curies":[{"name":"wp","href":"https:\/\/api.w.org\/{rel}","templated":true}]}}