{"id":19148,"date":"2011-07-06T06:57:00","date_gmt":"2011-07-06T06:57:00","guid":{"rendered":"http:\/\/trainingsnews.com\/scurt-istoric-al-zonei-libere-galati-2"},"modified":"2011-07-06T06:57:00","modified_gmt":"2011-07-06T06:57:00","slug":"scurt-istoric-al-zonei-libere-galati-2","status":"publish","type":"post","link":"https:\/\/cvnextjob.com\/index.php\/2011\/07\/06\/scurt-istoric-al-zonei-libere-galati-2\/","title":{"rendered":"Scurt istoric al zonei libere Gala\u0163i"},"content":{"rendered":"<div style=\"margin-top: 0px; margin-bottom: 0px;\" class=\"sharethis-inline-share-buttons\" ><\/div><p>Pentru prima oar\u0103, ora\u015ful Gala\u0163i a ob\u0163inut statutul de port liber  \u00een anul 1834, fiind decretat de domnitorul Moldovei, Mihail Sturdza, cu scopul de a facilita aprovizionarea din acest port \u015fi de a se dezvolta comer\u0163ul care r\u0103m\u0103sese \u00een urm\u0103 datorit\u0103 ocupa\u0163iei turce\u015fti. Importan\u0163a economic\u0103 a zonei s-a redus treptat, ca urmare a presiunilor continue exercitate de Germania \u015fi Austro-Ungaria, astfel c\u0103 \u00een anul 1883 Gala\u0163iul \u00ee\u015fi pierde statutul de port liber. \u00cen 1910 s-a pus problema re\u00eenfiin\u0163\u0103rii unui teritoriu liber \u00een port, pentru a \u00eenlesni condi\u0163ionarea m\u0103rfurilor aduse din exterior spre a fi apoi reexportate, precum \u015fi crearea unor fabrici pe acest teritoriu. Totu\u015fi, acest proiect a e\u015fuat, \u015fi abia \u00een 1929 a fost votat\u0103 legea pentru zonele libere, ale c\u0103rei 29 articole pot fi considerate actuale chiar \u015fi azi, c\u00e2nd este valabil\u0103 Legea nr. 84\/1992. Ca urmare a adopt\u0103rii acestei legi, activitatea comercial\u0103 \u00een portul Gala\u0163i, precum \u015fi \u00een alte porturi ca Br\u0103ila \u015fi Sulina, a fost reluat\u0103 \u00eentr-o oarecare m\u0103sur\u0103, dar nu a atins nivelul celei din perioada anterioar\u0103, astfel c\u0103 privilegiile de zon\u0103 liber\u0103 au fost men\u0163inute p\u00e2n\u0103 \u00een 1931, c\u00e2nd au fost abrogate.<\/p>\n","protected":false},"excerpt":{"rendered":"<p>Pentru prima oar\u0103, ora\u015ful Gala\u0163i a ob\u0163inut statutul de port liber \u00een anul 1834, fiind decretat de domnitorul Moldovei, Mihail Sturdza, cu scopul de a facilita aprovizionarea din acest port \u015fi de a se dezvolta comer\u0163ul care r\u0103m\u0103sese \u00een urm\u0103 datorit\u0103 ocupa\u0163iei turce\u015fti. Importan\u0163a economic\u0103 a zonei s-a redus treptat, ca urmare a presiunilor continue [&hellip;]<\/p>\n","protected":false},"author":1,"featured_media":0,"comment_status":"closed","ping_status":"closed","sticky":false,"template":"","format":"standard","meta":[],"categories":[11],"tags":[],"aioseo_notices":[],"_links":{"self":[{"href":"https:\/\/cvnextjob.com\/index.php\/wp-json\/wp\/v2\/posts\/19148"}],"collection":[{"href":"https:\/\/cvnextjob.com\/index.php\/wp-json\/wp\/v2\/posts"}],"about":[{"href":"https:\/\/cvnextjob.com\/index.php\/wp-json\/wp\/v2\/types\/post"}],"author":[{"embeddable":true,"href":"https:\/\/cvnextjob.com\/index.php\/wp-json\/wp\/v2\/users\/1"}],"replies":[{"embeddable":true,"href":"https:\/\/cvnextjob.com\/index.php\/wp-json\/wp\/v2\/comments?post=19148"}],"version-history":[{"count":0,"href":"https:\/\/cvnextjob.com\/index.php\/wp-json\/wp\/v2\/posts\/19148\/revisions"}],"wp:attachment":[{"href":"https:\/\/cvnextjob.com\/index.php\/wp-json\/wp\/v2\/media?parent=19148"}],"wp:term":[{"taxonomy":"category","embeddable":true,"href":"https:\/\/cvnextjob.com\/index.php\/wp-json\/wp\/v2\/categories?post=19148"},{"taxonomy":"post_tag","embeddable":true,"href":"https:\/\/cvnextjob.com\/index.php\/wp-json\/wp\/v2\/tags?post=19148"}],"curies":[{"name":"wp","href":"https:\/\/api.w.org\/{rel}","templated":true}]}}