{"id":19017,"date":"2011-07-08T06:55:00","date_gmt":"2011-07-08T06:55:00","guid":{"rendered":"http:\/\/trainingsnews.com\/analizati-organizarea-si-functionarea-2"},"modified":"2011-07-08T06:55:00","modified_gmt":"2011-07-08T06:55:00","slug":"analizati-organizarea-si-functionarea-2","status":"publish","type":"post","link":"https:\/\/cvnextjob.com\/index.php\/2011\/07\/08\/analizati-organizarea-si-functionarea-2\/","title":{"rendered":"Analizati organizarea si functionarea Serviciului Control Finaciar si Revizie"},"content":{"rendered":"<div style=\"margin-top: 0px; margin-bottom: 0px;\" class=\"sharethis-inline-share-buttons\" ><\/div><p>Din punct de vedere al organiz\u0103rii juridice serviciul este persoan\u0103 juridic\u0103, dispune de \u015ftampil\u0103 cu Stema de Stat a R.M. Serviciul este condus de directorul general numit si eliberat din functie de c\u0103tre ministrul fint. Serviciul are \u00een structura sa doi vicedirectori generali, un prim-vicedirector, \u015fefii structurilor aparatului central \u015fi subdiviziunilor teritoriale, numi\u0163i de ministrul fin, la propunerea directorului general. Activitatea SCFR se desf\u0103\u015foar\u0103 pe baza programelor semestriale aprobate de directorul general al Serviciului, urm\u00e2nd verificarea corectitudinii \u015fi legitimit\u0103\u0163ii aplic\u0103rii actelor legislative \u015fi normative \u00een domeniul financiar-contabil, bugetar \u015fi de pre\u0163uri.<br \/>\nProiectul programului de activitate pentru aparatul central al serviciului, precum \u015fi sarcinile centralizate se \u00eentocmesc de c\u0103tre Direc\u0163ia General\u0103 Organizarea Muncii \u015fi Control Intern a Departamentului p\u00e2n\u0103 la data de 10 a ultimei luni din semestru.<br \/>\nLa preg\u0103tirea c\u0103tre efectuarea controalelor \u015fefii Direc\u0163iilor aparatului central al Serviciului \u015fi ale Direc\u0163iilor Generale teritoriale: 1) formeaz\u0103 echipa de revizori \u015fi determin\u0103 conduc\u0103torul ei; 2) membrii echipei de revizori studiaz\u0103 tematica controlului, actele    legislative \u015fi normative care regl. activit. obiectului supus controlului; 3) elaboreaz\u0103 programul privind efectuarea controlului; 4) conducerea Serviciului aprob\u0103 Programul de control; 5) instruie\u015fte echipa de revizie sau revizorul; 6) pregateste documentele necesare pentru deplasarea echipei de revizie la obiectul supus controlului, legitima\u0163ia \u00een scris privind  autorizarea  efectu\u0103rii controlului etc. Legitima\u0163iile se semneaz\u0103 numai de conducerea Serviciului \u015fi \u015fefii Direc\u0163iilor Generale teritoriale <br \/>\nColaboratorii Serviciului sunt \u00een drept:<br \/>\na) s\u0103 efectueze revizii \u015fi controale asupra activit\u0103\u0163ii financiare, asupra  documentelor  contabile,   d\u0103rilor  de seam\u0103; b) s\u0103   efectueze   controale   reconven\u0163ionale la   agen\u0163ii<br \/>\neconomici; c) s\u0103 sigileze, \u00een caz de necesitate, \u00eenc\u0103perile de cas\u0103, depozitele, arhivele, la depistarea unor falsific\u0103ri \u015fi altor abuzuri; d) s\u0103 verifice la institu\u0163iile bugetare autenticitatea documentelor contabile, a d\u0103rilor de seama s.a.; e)s\u0103 pun\u0103 problema tragerii la r\u0103spundere a persoanelor cu func\u0163ii de r\u0103spundere, care \u00eencalc\u0103 prevederile legale; f) s\u0103 constate contraven\u0163ii \u015fi s\u0103 aplice sanc\u0163iuni financiare \u015fi amenzi conform legisla\u0163iei; g) s\u0103 \u00eenainteze \u00een instan\u0163ele judec\u0103tore\u015fti ac\u0163iuni \u00een conformitate cu legisla\u0163ia; h) s.a. imputerniciri prevazute de legislatie.<\/p>\n","protected":false},"excerpt":{"rendered":"<p>Din punct de vedere al organiz\u0103rii juridice serviciul este persoan\u0103 juridic\u0103, dispune de \u015ftampil\u0103 cu Stema de Stat a R.M. Serviciul este condus de directorul general numit si eliberat din functie de c\u0103tre ministrul fint. Serviciul are \u00een structura sa doi vicedirectori generali, un prim-vicedirector, \u015fefii structurilor aparatului central \u015fi subdiviziunilor teritoriale, numi\u0163i de ministrul [&hellip;]<\/p>\n","protected":false},"author":1,"featured_media":0,"comment_status":"closed","ping_status":"closed","sticky":false,"template":"","format":"standard","meta":[],"categories":[11],"tags":[],"aioseo_notices":[],"_links":{"self":[{"href":"https:\/\/cvnextjob.com\/index.php\/wp-json\/wp\/v2\/posts\/19017"}],"collection":[{"href":"https:\/\/cvnextjob.com\/index.php\/wp-json\/wp\/v2\/posts"}],"about":[{"href":"https:\/\/cvnextjob.com\/index.php\/wp-json\/wp\/v2\/types\/post"}],"author":[{"embeddable":true,"href":"https:\/\/cvnextjob.com\/index.php\/wp-json\/wp\/v2\/users\/1"}],"replies":[{"embeddable":true,"href":"https:\/\/cvnextjob.com\/index.php\/wp-json\/wp\/v2\/comments?post=19017"}],"version-history":[{"count":0,"href":"https:\/\/cvnextjob.com\/index.php\/wp-json\/wp\/v2\/posts\/19017\/revisions"}],"wp:attachment":[{"href":"https:\/\/cvnextjob.com\/index.php\/wp-json\/wp\/v2\/media?parent=19017"}],"wp:term":[{"taxonomy":"category","embeddable":true,"href":"https:\/\/cvnextjob.com\/index.php\/wp-json\/wp\/v2\/categories?post=19017"},{"taxonomy":"post_tag","embeddable":true,"href":"https:\/\/cvnextjob.com\/index.php\/wp-json\/wp\/v2\/tags?post=19017"}],"curies":[{"name":"wp","href":"https:\/\/api.w.org\/{rel}","templated":true}]}}