{"id":108204,"date":"2018-02-16T03:21:00","date_gmt":"2018-02-16T03:21:00","guid":{"rendered":""},"modified":"2023-01-08T10:41:46","modified_gmt":"2023-01-08T10:41:46","slug":"comunicarea-informala-forma-naturala-de-3","status":"publish","type":"post","link":"https:\/\/cvnextjob.com\/index.php\/2018\/02\/16\/comunicarea-informala-forma-naturala-de-3\/","title":{"rendered":"COMUNICAREA INFORMAL\u0102 \u2013 FORM\u0102 NATURAL\u0102 DE EXPRIMARE"},"content":{"rendered":"<div style=\"margin-top: 0px; margin-bottom: 0px;\" class=\"sharethis-inline-share-buttons\" ><\/div><h3 class=\"post-title entry-title\" itemprop=\"headline\" style=\"background-color: white; color: #333333; font-family: Oswald, sans-serif; font-size: 20px; font-stretch: normal; font-variant-east-asian: normal; font-variant-numeric: normal; font-weight: normal; line-height: 1.1; margin: 0px 0px 10px; padding: 0px; position: relative;\"><\/h3>\n<div class=\"post-body entry-content\" id=\"post-body-841711779692670356\" style=\"background-color: white; color: #555555; font-family: Roboto, Arial, Helvetica, sans-serif; font-size: 13px; line-height: 1.7; margin: 0px; overflow: hidden; padding: 0px; width: 615px;\">Comunicarea informal\u0103 este un drept dob\u00e2ndit prin na\u015ftere. \u00centotdeauna c\u00e2nd oamenii se adun\u0103 \u00een grupuri discu\u0163iile se vor dezvolta ca expresie a motiva\u0163iei lor naturale de a comunica.<br \/>Comunicarea informal\u0103 este \u015fi un exerci\u0163iu al libert\u0103r\u0163ii de exprimare.<br \/>Folosind o metod\u0103 sau alta de transmitere a mesajelor, comunicarea informal\u0103 va exista \u00eentotdeauna.<br \/>Firmele de afaceri nu pot desfiin\u0163a comunicarea neoficial\u0103 dintre oameni \u015fi nici nu o pot determina. Pur \u015fi simplu comunicarea exist\u0103.<br \/>Ceea ce intereseaz\u0103, din pespectiva managementului, este corectitudinea mesajelor \u015fi a ideilor vehiculate \u015fi, prin aceasta, influen\u0163a exercitat\u0103 asupra oamenilor, asupra atiudinii lor, asupra comportamentului lor, asupra ac\u0163iunilor acestora, asupra productivit\u0103\u0163ii lor \u00een munc\u0103.<br \/>Cercet\u0103ri speciale, efectuate cu privire la corectitudinea informa\u0163iilor vehiculate \u00een comunicarea informal\u0103, au ar\u0103tat c\u0103 peste \u00be din acestea, \u00een condi\u0163ii normale de munc\u0103, sunt adev\u0103rate.<br \/>Totu\u015fi, comunicarea informal\u0103 poate crea tendin\u0163a de producere a unor confuzii mai mari dec\u00e2t o sugereaz\u0103 ponderea relativ redus\u0103 ( \u00bc ) de informa\u0163ii gre\u015fite pe care le poart\u0103.<br \/>Comunicarea informal\u0103 poate fi amplificat\u0103 de anumite cauze, cum ar fi:<br \/>\u2022 inseuritatea \u015fi sensibilizarea oamenilor, din diferite motive, cu privire la o anumit\u0103 situa\u0163ie;<br \/>\u2022 implicarea prietenilor \u015fi cuno\u015ftin\u0163elor \u00een diverse evenimente \u015fi situa\u0163ii;<br \/>\u2022 noutatea informa\u0163iilor;<br \/>\u2022 natura muncii care permite conversa\u0163ia;<br \/>\u2022 postul ocupat de persoana ce furnizeaz\u0103 informa\u0163iile dorite de al\u0163ii;<br \/>\u2022 personalitatea interlocutorului, etc.<\/div>\n","protected":false},"excerpt":{"rendered":"<p>Comunicarea informal\u0103 este un drept dob\u00e2ndit prin na\u015ftere. \u00centotdeauna c\u00e2nd oamenii se adun\u0103 \u00een grupuri discu\u0163iile se vor dezvolta ca expresie a motiva\u0163iei lor naturale de a comunica.Comunicarea informal\u0103 este \u015fi un exerci\u0163iu al libert\u0103r\u0163ii de exprimare.Folosind o metod\u0103 sau alta de transmitere a mesajelor, comunicarea informal\u0103 va exista \u00eentotdeauna.Firmele de afaceri nu pot desfiin\u0163a [&hellip;]<\/p>\n","protected":false},"author":3,"featured_media":0,"comment_status":"closed","ping_status":"closed","sticky":false,"template":"","format":"standard","meta":[],"categories":[1],"tags":[],"aioseo_notices":[],"_links":{"self":[{"href":"https:\/\/cvnextjob.com\/index.php\/wp-json\/wp\/v2\/posts\/108204"}],"collection":[{"href":"https:\/\/cvnextjob.com\/index.php\/wp-json\/wp\/v2\/posts"}],"about":[{"href":"https:\/\/cvnextjob.com\/index.php\/wp-json\/wp\/v2\/types\/post"}],"author":[{"embeddable":true,"href":"https:\/\/cvnextjob.com\/index.php\/wp-json\/wp\/v2\/users\/3"}],"replies":[{"embeddable":true,"href":"https:\/\/cvnextjob.com\/index.php\/wp-json\/wp\/v2\/comments?post=108204"}],"version-history":[{"count":0,"href":"https:\/\/cvnextjob.com\/index.php\/wp-json\/wp\/v2\/posts\/108204\/revisions"}],"wp:attachment":[{"href":"https:\/\/cvnextjob.com\/index.php\/wp-json\/wp\/v2\/media?parent=108204"}],"wp:term":[{"taxonomy":"category","embeddable":true,"href":"https:\/\/cvnextjob.com\/index.php\/wp-json\/wp\/v2\/categories?post=108204"},{"taxonomy":"post_tag","embeddable":true,"href":"https:\/\/cvnextjob.com\/index.php\/wp-json\/wp\/v2\/tags?post=108204"}],"curies":[{"name":"wp","href":"https:\/\/api.w.org\/{rel}","templated":true}]}}