{"id":107520,"date":"2018-02-18T10:29:00","date_gmt":"2018-02-18T10:29:00","guid":{"rendered":""},"modified":"2023-01-08T10:35:59","modified_gmt":"2023-01-08T10:35:59","slug":"revolutia-franceza-din-1830-2","status":"publish","type":"post","link":"https:\/\/cvnextjob.com\/index.php\/2018\/02\/18\/revolutia-franceza-din-1830-2\/","title":{"rendered":"Revolu\u0163ia francez\u0103 din 1830."},"content":{"rendered":"<div style=\"margin-top: 0px; margin-bottom: 0px;\" class=\"sharethis-inline-share-buttons\" ><\/div><h3 class=\"post-title entry-title\" itemprop=\"headline\" style=\"background-color: white; color: #333333; font-family: Oswald, sans-serif; font-size: 20px; font-stretch: normal; font-variant-east-asian: normal; font-variant-numeric: normal; font-weight: normal; line-height: 1.1; margin: 0px 0px 10px; padding: 0px; position: relative;\"><\/h3>\n<div class=\"post-body entry-content\" id=\"post-body-7303339084642666903\" style=\"background-color: white; color: #555555; font-family: Roboto, Arial, Helvetica, sans-serif; font-size: 13px; line-height: 1.7; margin: 0px; overflow: hidden; padding: 0px; width: 615px;\">\n<div style=\"text-align: justify;\"><b>Revolu\u0163ia francez\u0103 din 1830<\/b>. a durat trei zile 27, 28 \u015fi 29 iulie 1830, \u00een urma c\u0103reia, \u00een locul celei de-a doua Restaura\u0163ii, a urmat Monarhia din Iulie. Cauza principal\u0103 a fost nemul\u0163umirea popula\u0163iei fa\u0163\u0103 de ordonan\u0163ele Regelui Carol X cu privire la reducerea libertatilor si drepturilor cetatenesti, printre care si suspendarea libertatii presei. Din cauza opozi\u0163iei liberale cresc\u00e2nde, Carol al X-lea \u00eencearc\u0103 s\u0103 impun\u0103 o serie de m\u0103suri conservatoare. Acest lucru, coroborat cu \u00eenr\u0103ut\u0103\u0163irea situa\u0163iei sociale cauzata de Revolu\u0163ia industrial\u0103, a dus la izbucnirea unor mi\u015fc\u0103ri de protest cunoscute sub numele de revolu\u0163ia din 1830 sau cele trei zile glorioase, \u00eentre 27 \u015fi 29 iulie 1830. Pe 27 iulie<a href=\"http:\/\/www.blogger.com\/post-create.do\" name=\"more\" style=\"color: #ee5307; outline: none; text-decoration-line: none;\"><\/a>&nbsp;cele mai importante ziare au condamnat ordonan\u0163ele din 25 iulie, iar mai mul\u0163i lideri politici s-au \u00eentrunit de urgen\u0163\u0103. De asemenea, grupuri organizate au intrat \u00een conflict cu poli\u0163ia \u015fi Jandarmeria. A doua zi \u00eentreg Parisul era \u00eemp\u00e2nzit de barica \u015fi peste 10.000 de insurgen\u0163i mergeau pe str\u0103zile capitalei c\u00e2nt\u00e2nd La Marseillaise. Liberalii au operat negocieri pentru a anula ordonan\u0163ele anterioare. Pe 29 iulie, insurec\u0163ia a triumfat, for\u0163ele armate regale fiind \u00eenfr\u00e2nte. C\u00e2teva regimente au trecut de partea revolta\u0163ilor, \u00een aceste condi\u0163ii Regele fiind nevoit s\u0103 semneze abdicarea. mo\u015ftenitorul tronului, Ludovic-Antoine, Duce de Angoul\u00eame abdic\u0103 \u015fi el iar tronul \u00eei revine lui Henric, conte de Chambord, nepotul lui Carol al X-lea. Acesta nu este acceptat ca rege sub titul de Henric al V-lea de c\u0103tre parlamentul dominat de liberali. \u00cen urma unei perioade de ezitare \u015fi disensiuni \u00eentre republicani \u015fi liberalii monarhi\u015fti, Ludovic-Filip este numit rege, ceea ce reprezint\u0103 \u00eenceputul perioadei cunoscut\u0103 sub numele de Monarhia din Iulie. Revolu\u0163ia din iulie 1830 este considerat\u0103 a fi impulsul pentru \u00eenceperea prim\u0103verii popoarelor din 1848. Totodat\u0103, aceasta a avut un efect important asupra Belgiei, acolo \u00eencep\u00e2ndu-se de asemenea o insurec\u0163ie. Comunitatea interna\u0163ional\u0103 nu a reac\u0163ionat negativ la evenimentele din Fran\u0163a, recunosc\u00e2nd f\u0103r\u0103 probleme noua administra\u0163ie de la Paris.<\/div>\n<\/div>\n","protected":false},"excerpt":{"rendered":"<p>Revolu\u0163ia francez\u0103 din 1830. a durat trei zile 27, 28 \u015fi 29 iulie 1830, \u00een urma c\u0103reia, \u00een locul celei de-a doua Restaura\u0163ii, a urmat Monarhia din Iulie. Cauza principal\u0103 a fost nemul\u0163umirea popula\u0163iei fa\u0163\u0103 de ordonan\u0163ele Regelui Carol X cu privire la reducerea libertatilor si drepturilor cetatenesti, printre care si suspendarea libertatii presei. Din [&hellip;]<\/p>\n","protected":false},"author":3,"featured_media":0,"comment_status":"closed","ping_status":"closed","sticky":false,"template":"","format":"standard","meta":[],"categories":[1],"tags":[],"aioseo_notices":[],"_links":{"self":[{"href":"https:\/\/cvnextjob.com\/index.php\/wp-json\/wp\/v2\/posts\/107520"}],"collection":[{"href":"https:\/\/cvnextjob.com\/index.php\/wp-json\/wp\/v2\/posts"}],"about":[{"href":"https:\/\/cvnextjob.com\/index.php\/wp-json\/wp\/v2\/types\/post"}],"author":[{"embeddable":true,"href":"https:\/\/cvnextjob.com\/index.php\/wp-json\/wp\/v2\/users\/3"}],"replies":[{"embeddable":true,"href":"https:\/\/cvnextjob.com\/index.php\/wp-json\/wp\/v2\/comments?post=107520"}],"version-history":[{"count":0,"href":"https:\/\/cvnextjob.com\/index.php\/wp-json\/wp\/v2\/posts\/107520\/revisions"}],"wp:attachment":[{"href":"https:\/\/cvnextjob.com\/index.php\/wp-json\/wp\/v2\/media?parent=107520"}],"wp:term":[{"taxonomy":"category","embeddable":true,"href":"https:\/\/cvnextjob.com\/index.php\/wp-json\/wp\/v2\/categories?post=107520"},{"taxonomy":"post_tag","embeddable":true,"href":"https:\/\/cvnextjob.com\/index.php\/wp-json\/wp\/v2\/tags?post=107520"}],"curies":[{"name":"wp","href":"https:\/\/api.w.org\/{rel}","templated":true}]}}