{"id":107516,"date":"2018-02-18T10:31:00","date_gmt":"2018-02-18T10:31:00","guid":{"rendered":""},"modified":"2023-01-08T10:35:59","modified_gmt":"2023-01-08T10:35:59","slug":"lupta-politica-in-franta-la-sfirsitul-2","status":"publish","type":"post","link":"https:\/\/cvnextjob.com\/index.php\/2018\/02\/18\/lupta-politica-in-franta-la-sfirsitul-2\/","title":{"rendered":"Lupta politic\u0103 \u00een Fran\u0163a la sf\u00eer\u015fitul sec. al XIX-lea &#8211; \u00eenceputul sec. XX."},"content":{"rendered":"<div style=\"margin-top: 0px; margin-bottom: 0px;\" class=\"sharethis-inline-share-buttons\" ><\/div><h3 class=\"post-title entry-title\" itemprop=\"headline\" style=\"background-color: white; color: #333333; font-family: Oswald, sans-serif; font-size: 20px; font-stretch: normal; font-variant-east-asian: normal; font-variant-numeric: normal; font-weight: normal; line-height: 1.1; margin: 0px 0px 10px; padding: 0px; position: relative;\"><\/h3>\n<div class=\"post-body entry-content\" id=\"post-body-2979617419189756289\" style=\"background-color: white; color: #555555; font-family: Roboto, Arial, Helvetica, sans-serif; font-size: 13px; line-height: 1.7; margin: 0px; overflow: hidden; padding: 0px; width: 615px;\">\n<div style=\"line-height: 19.5px; text-align: justify;\">La sf.\u201d80 ai sec 19,Franta va trece printr-o criza pol.Este vorba de criza boolanger.In urma acestei crize monarhi\u015ftii doreau s\u0103 profite de acest \u015foc ca s\u0103 restaureze monarhia \u00een Fran\u0163a \u00een-s\u0103 din nefericire pentru ei , exista o problem\u0103 : societatea nu privea cu ochi buni aceasta av\u00e2nd o experien\u0163\u0103 nepl\u0103cut\u0103 din ultimii ani de monarhie. Astfel aceast\u0103 do-rin\u0163\u0103 a monarhi\u015ftilor p\u0103rea s\u0103 fie doar un vis nerealizabil. Situa\u0163ia republicanilor burghezi, s-a \u00eembun\u0103t\u0103\u0163it pu\u0163in chiar dac\u0103 ei erau recunoscu\u015fi ca ni\u015fte tr\u0103d\u0103tori \u015fi frico\u015fi. Destul de mult au avut de suferit radicalii deoarece ei au fost cei ce purtau r\u0103spunderea de \u00eenaintarea lui Boulanger , \u00eens\u0103 la ei nu a fost cel mai dificil tablou politic , cel mai mul r\u0103m\u00e2n\u00e2nd s\u0103 sufere reprezentan\u0163ii partidului lui Boulanger. \u00cen anii 1887-1889&nbsp;<a href=\"http:\/\/optdolari.blogspot.ca\/2011\/03\/lupta-politica-in-franta-la-sfirsitul.html\" name=\"more\" style=\"color: #ee5307; outline: none; text-decoration-line: none;\"><\/a>ace\u015ftia erau o mare for\u0163\u0103 politic\u0103 \u00eens\u0103 dup\u0103 ,,fuga for\u0163at\u0103\u2019\u2019 a generalului Boulanger \u00een Belgia, partidul s-a destr\u0103mat \u015fi n-a mai continuat s\u0103 mai existe. Unica clas\u0103 politic\u0103 ce \u015fi-a \u00eent\u0103rit pozi\u0163iile \u00een urma acestei crize au fost proletarii \u015fi sociali\u015ftii care au reu\u015fit s\u0103-\u015fi extind\u0103 \u015fi s\u0103-\u015fi m\u0103reasc\u0103 influen\u0163a.Acest succes ca-re a venit pe nea\u015fteptate s-a datorat faptului c\u0103 ace\u015ftia nu s-au implicat activ \u00een po-litic\u0103 , astfel au evitat s\u0103 fac\u0103 pa\u015fii gre\u015fi\u0163i pe care i-au f\u0103cut radicalii \u015fi adep\u0163ii lui Boulanger . O mare parte din popula\u0163ia lucr\u0103toare care-i sus\u0163ineau pe radicali , acum au trecut de partea sociali\u015ftilor , iar la 1mai 1890 pentru prima dat\u0103 s-a organizat demonstra\u0163ii ale lucr\u0103torilor. In 1902 la put.se aflau radicalii care s-au bucurat de putere pina in 1912,in primul decen.al sec 20,radicalii au fost cel mai influent partid din Franta.Ei erau contra clericilor.In parlament ei duceau o politica atfel incit sa atraga de partea sa clasa lucratorilor.Radicalii care in 1902-1906 erau condusi de Comba au incep.o lupta import. Clericilor.Biserica a fost divizata de stat in 3 etape:<\/div>\n<p><\/p>\n<div style=\"line-height: 19.5px; text-align: justify;\">1.interzicerea uniunilor religioase<\/div>\n<p><\/p>\n<div style=\"line-height: 19.5px; text-align: justify;\">2.separarea scolilor de biserica<\/div>\n<p><\/p>\n<div style=\"line-height: 19.5px; text-align: justify;\">3.separarea bisericii de stat<\/div>\n<p><\/p>\n<div style=\"line-height: 19.5px; text-align: justify;\">In 1906,in fruntea cabinet.de minis.a fost Clemanso care mergea spre intarirea rel.cu Rusia.De asemena el era p\/u p\u0103srarea confedera\u0163iei muncii(1907). Dup\u0103 1909 ace\u015ftea au \u00eenceput s\u0103-\u015fi piard\u0103 pozi\u0163iile.In timp de 3 ani s+au schimbat 11 conducatori.La alegerile din 1912 au cistigat republicanii moderati.<\/div>\n<\/div>\n","protected":false},"excerpt":{"rendered":"<p>La sf.\u201d80 ai sec 19,Franta va trece printr-o criza pol.Este vorba de criza boolanger.In urma acestei crize monarhi\u015ftii doreau s\u0103 profite de acest \u015foc ca s\u0103 restaureze monarhia \u00een Fran\u0163a \u00een-s\u0103 din nefericire pentru ei , exista o problem\u0103 : societatea nu privea cu ochi buni aceasta av\u00e2nd o experien\u0163\u0103 nepl\u0103cut\u0103 din ultimii ani de [&hellip;]<\/p>\n","protected":false},"author":3,"featured_media":0,"comment_status":"closed","ping_status":"closed","sticky":false,"template":"","format":"standard","meta":[],"categories":[1],"tags":[],"aioseo_notices":[],"_links":{"self":[{"href":"https:\/\/cvnextjob.com\/index.php\/wp-json\/wp\/v2\/posts\/107516"}],"collection":[{"href":"https:\/\/cvnextjob.com\/index.php\/wp-json\/wp\/v2\/posts"}],"about":[{"href":"https:\/\/cvnextjob.com\/index.php\/wp-json\/wp\/v2\/types\/post"}],"author":[{"embeddable":true,"href":"https:\/\/cvnextjob.com\/index.php\/wp-json\/wp\/v2\/users\/3"}],"replies":[{"embeddable":true,"href":"https:\/\/cvnextjob.com\/index.php\/wp-json\/wp\/v2\/comments?post=107516"}],"version-history":[{"count":0,"href":"https:\/\/cvnextjob.com\/index.php\/wp-json\/wp\/v2\/posts\/107516\/revisions"}],"wp:attachment":[{"href":"https:\/\/cvnextjob.com\/index.php\/wp-json\/wp\/v2\/media?parent=107516"}],"wp:term":[{"taxonomy":"category","embeddable":true,"href":"https:\/\/cvnextjob.com\/index.php\/wp-json\/wp\/v2\/categories?post=107516"},{"taxonomy":"post_tag","embeddable":true,"href":"https:\/\/cvnextjob.com\/index.php\/wp-json\/wp\/v2\/tags?post=107516"}],"curies":[{"name":"wp","href":"https:\/\/api.w.org\/{rel}","templated":true}]}}