{"id":107451,"date":"2018-02-19T02:18:00","date_gmt":"2018-02-19T02:18:00","guid":{"rendered":""},"modified":"2023-01-08T10:35:23","modified_gmt":"2023-01-08T10:35:23","slug":"tratatul-bilateral-germano-austroungar-2","status":"publish","type":"post","link":"https:\/\/cvnextjob.com\/index.php\/2018\/02\/19\/tratatul-bilateral-germano-austroungar-2\/","title":{"rendered":"Tratatul bilateral germano-austroungar."},"content":{"rendered":"<div style=\"margin-top: 0px; margin-bottom: 0px;\" class=\"sharethis-inline-share-buttons\" ><\/div><h3 class=\"post-title entry-title\" itemprop=\"headline\" style=\"background-color: white; color: #333333; font-family: Oswald, sans-serif; font-size: 20px; font-stretch: normal; font-variant-east-asian: normal; font-variant-numeric: normal; font-weight: normal; line-height: 1.1; margin: 0px 0px 10px; padding: 0px; position: relative;\"><\/h3>\n<div class=\"post-body entry-content\" id=\"post-body-7968237061079190439\" style=\"background-color: white; color: #555555; font-family: Roboto, Arial, Helvetica, sans-serif; font-size: 13px; line-height: 1.7; margin: 0px; overflow: hidden; padding: 0px; width: 615px;\">\n<div style=\"line-height: 19.5px; text-align: justify;\"><strong>Cauzele semn\u0103rii tratatului:&nbsp;<\/strong>Dup\u0103 Congresul de la Berlin din 1878 au urmat ca rela\u0163iile germano-austroungare s\u0103 se \u00eembun\u0103t\u0103\u0163easc\u0103 \u015fi mai mult. Dup\u0103 acel congres, diploma\u0163ia European\u0103 cap\u0103t\u0103 un nou aspect, cel pu\u0163in pe perioada anilor 1878-1890. \u00cen aceast\u0103 perioad\u0103 arbitru \u00een Europa r\u0103m\u00e2nea a fi Germania. Dup\u0103 anul 1878 ca \u015fi dup\u0103 1871 scopul principal al Germaniei era izolarea Fran\u0163ei \u015fi desigur c\u0103 \u00eempiedicarea unei alian\u0163e franco-ruse. Dup\u0103 Congresul de la Berlin, Germania se a\u015ftepta la anumite preten\u0163ii venite \u00een special din partea Imperiului Rus, aceste preten\u0163ii urmau s\u0103 fie \u00eendreptate spre nerealizarea celor prev\u0103zute anterior la Berlin. Evenimentul din 1878 au f\u0103cut ca at\u00e2t autorit\u0103\u0163ile ruse (mai ales Gorciakov \u015fi \u0163arul Alexandru II) c\u00e2t \u015fi presa de aici priveau cu ochi r\u0103i Imperiul German. Ca urmare nemul\u0163umirea rus\u0103 s-a resim\u0163it la rezisten\u0163a bosniacilor \u00een fa\u0163a trupelor aunstroungare. Acea politic\u0103 rus\u0103 dus\u0103 de Alexandru II, l-a f\u0103cut pe Franc Iosif s\u0103 cear\u0103 sprijinul Germaniei. Acest gest<a href=\"http:\/\/optdolari.blogspot.ca\/2011\/02\/tratatul-bilateral-germano-austroungar.html\" name=\"more\" style=\"color: #ee5307; outline: none; text-decoration-line: none;\"><\/a>&nbsp;mergea la faptul creierii unei alian\u0163e bilaterale germano-austroungare. Cu at\u00e2t mai mult Austroungaria sim\u0163ea pericolul iredentismului italian. La sf\u00e2r\u015fitul anului 1878 Curtea de la Viena \u00ee\u015fi manifesta tendin\u0163ele germanofile fiind de acord s\u0103 fac\u0103 unele modific\u0103ri \u00een Pacea de la Praga din 1866 (pct 5). \u00cen vara&nbsp;anului 1879 ajutorul diplomatic German, a permis mai u\u015for Austroungariei s\u0103 preia sandjacul Novo-Bazarskii (acesta a fost ocupat \u00een septembrie dup\u0103 Bosnia).<\/div>\n<p><\/p>\n<div style=\"line-height: 19.5px;\"><strong>Semnarea tratatului:&nbsp;<\/strong>\u00cen august 1879la \u00eent\u00e2lnirea dintre Adrashi \u015fi Bismarck s-au pus bazele acelui tratat bilateral. Conform tratatului, ambele imperii intrau \u00een alian\u0163\u0103 pentru a impune recunoa\u015fterea tratatelor existente. Fiecare din ele, \u00een caz c\u0103&nbsp;<em>ar intra \u00eentr-un conflict armat cu un stat vecin \u015fi acesta ar primi ajutor de la un al III-lea stat, atunci acest al III-lea stat ar fi trebuit men\u0163inut.&nbsp;<\/em>Aceasta \u00eensemna c\u0103 se accentua \u00een acel punct o pozi\u0163ie \u00eempotriva Rusiei \u015fi Fran\u0163ei. Acordul chiar dac\u0103 nu era privit cu ochi buni de&nbsp;Wilhelm I, totu\u015fi la insisten\u0163a lui Bismarck el a fost semnat la 15 octombrie 1879.<\/div>\n<p><\/p>\n<div style=\"line-height: 19.5px; text-align: justify;\"><strong>Urm\u0103rile tratatului:&nbsp;<\/strong>Ca r\u0103spuns la aceast\u0103 alian\u0163\u0103 se preconiza \u00eenfiin\u0163area unei ligi care-ar fi in opozi\u0163ie compus\u0103 din Fran\u0163a, Rusia \u015fi Anglia. Apari\u0163ia lui Gladson pe arena politic\u0103, f\u0103cea o \u00eembun\u0103t\u0103\u0163ire a rela\u0163iilor cu Fran\u0163a \u015fi Rusia. Astfel \u00een 1880 el ajuta Rusia \u00een problema Muntenegrului (unde Rusia trebuia s\u0103-\u015fi impun\u0103 influen\u0163a) care era vizat\u0103 la Congresul de la Berlin. \u00cen 1881 Anglia reu\u015fe\u015fte s\u0103 impun\u0103 Por\u0163ii s\u0103 cedeze o parte a Epirului \u015fi Tersaliei Greciei. La 13 martie 1881 Alexandru al II-lea a fost asasinat, iar la tron vine Alexandru III care avea o antipatie deosebit\u0103 fa\u0163\u0103 de Germania, astfel posibilitatea cre\u0103rii unei alian\u0163e dintre Fran\u0163a, Rusia \u015fi Anglia era \u00eenc\u0103 real\u0103.<\/div>\n<\/div>\n","protected":false},"excerpt":{"rendered":"<p>Cauzele semn\u0103rii tratatului:&nbsp;Dup\u0103 Congresul de la Berlin din 1878 au urmat ca rela\u0163iile germano-austroungare s\u0103 se \u00eembun\u0103t\u0103\u0163easc\u0103 \u015fi mai mult. Dup\u0103 acel congres, diploma\u0163ia European\u0103 cap\u0103t\u0103 un nou aspect, cel pu\u0163in pe perioada anilor 1878-1890. \u00cen aceast\u0103 perioad\u0103 arbitru \u00een Europa r\u0103m\u00e2nea a fi Germania. Dup\u0103 anul 1878 ca \u015fi dup\u0103 1871 scopul principal al [&hellip;]<\/p>\n","protected":false},"author":3,"featured_media":0,"comment_status":"closed","ping_status":"closed","sticky":false,"template":"","format":"standard","meta":[],"categories":[1],"tags":[],"aioseo_notices":[],"_links":{"self":[{"href":"https:\/\/cvnextjob.com\/index.php\/wp-json\/wp\/v2\/posts\/107451"}],"collection":[{"href":"https:\/\/cvnextjob.com\/index.php\/wp-json\/wp\/v2\/posts"}],"about":[{"href":"https:\/\/cvnextjob.com\/index.php\/wp-json\/wp\/v2\/types\/post"}],"author":[{"embeddable":true,"href":"https:\/\/cvnextjob.com\/index.php\/wp-json\/wp\/v2\/users\/3"}],"replies":[{"embeddable":true,"href":"https:\/\/cvnextjob.com\/index.php\/wp-json\/wp\/v2\/comments?post=107451"}],"version-history":[{"count":0,"href":"https:\/\/cvnextjob.com\/index.php\/wp-json\/wp\/v2\/posts\/107451\/revisions"}],"wp:attachment":[{"href":"https:\/\/cvnextjob.com\/index.php\/wp-json\/wp\/v2\/media?parent=107451"}],"wp:term":[{"taxonomy":"category","embeddable":true,"href":"https:\/\/cvnextjob.com\/index.php\/wp-json\/wp\/v2\/categories?post=107451"},{"taxonomy":"post_tag","embeddable":true,"href":"https:\/\/cvnextjob.com\/index.php\/wp-json\/wp\/v2\/tags?post=107451"}],"curies":[{"name":"wp","href":"https:\/\/api.w.org\/{rel}","templated":true}]}}