{"id":107424,"date":"2018-02-19T02:35:00","date_gmt":"2018-02-19T02:35:00","guid":{"rendered":""},"modified":"2023-01-08T10:35:11","modified_gmt":"2023-01-08T10:35:11","slug":"criza-interna-sistemului-otoman-la-2","status":"publish","type":"post","link":"https:\/\/cvnextjob.com\/index.php\/2018\/02\/19\/criza-interna-sistemului-otoman-la-2\/","title":{"rendered":"Criza intern\u0103 a sistemului otoman la sf\u00eer\u015fitul sec. al XVII-lea-sec. XVIII \u015fi declinul Imperiului."},"content":{"rendered":"<div style=\"margin-top: 0px; margin-bottom: 0px;\" class=\"sharethis-inline-share-buttons\" ><\/div><h3 class=\"post-title entry-title\" itemprop=\"headline\" style=\"background-color: white; color: #333333; font-family: Oswald, sans-serif; font-size: 20px; font-stretch: normal; font-variant-east-asian: normal; font-variant-numeric: normal; font-weight: normal; line-height: 1.1; margin: 0px 0px 10px; padding: 0px; position: relative;\"><\/h3>\n<div class=\"post-body entry-content\" id=\"post-body-4266944859044454949\" style=\"background-color: white; color: #555555; font-family: Roboto, Arial, Helvetica, sans-serif; font-size: 13px; line-height: 1.7; margin: 0px; overflow: hidden; padding: 0px; width: 615px;\">\n<div style=\"text-align: justify;\">Criza otoman\u0103 intern\u0103: Reformele \u00eencercate de Imp. Otom. \u00een sec.XVII au p\u0103rut s\u0103 dea roade. P\u00e2n\u0103 la 1681 armata otoman\u0103 p\u0103rea at\u00e2t de puternic\u0103 \u00eenc\u00e2t Kara Mustafa Pa\u015fa, cumnatul marelui vizir Ahmed K\u00f6pr\u00fcl\u00fc, a fost tentat s\u0103 porneasc\u0103 din nou spre centrul Europei ca s\u0103 cucereasc\u0103 Vienna (iulie-septembrie 1683). Efortul s\u0103u s-a dovedit a fi supra-apreciat, dat\u0103 fiind baza fragil\u0103 a rena\u015fterii otomane. Coali\u0163ia Anti-Otoman\u0103: ap\u0103r\u0103torii Vienei, stimula\u0163i de Regele Polonez Jan Sobieski, nu doar i-au \u0163inut la distan\u0163\u0103 pe otomani, ci au \u015fi pus bazele unei coali\u0163ii europene majore al c\u0103rei scop era s\u0103 aduc\u0103 suficiente pagube \u015fi s\u0103 distrug\u0103 Imp. Otoman \u00een urm\u0103torul secol<a href=\"http:\/\/optdolari.blogspot.ca\/2011\/02\/criza-interna-sistemului-otoman-la.html\" name=\"more\" style=\"color: #ee5307; outline: none; text-decoration-line: none;\"><\/a>: a)Habsburgii doreau s\u0103-\u015fi recucereasc\u0103 Ungaria, Serbia \u015fi Balcanii, b)Vene\u0163ia spera s\u0103-\u015fi recucereasc\u0103 bazele navale din Adriatic\u0103 \u015fi din Moreea, p\u0103str\u00e2nd puterea naval\u0103 \u015fi comercial\u0103 \u00een Levant, c)Rusia lucra s\u0103-\u015fi extind\u0103 teritoriul p\u00e2n\u0103 la m\u0103rile libere. doar du\u015fmanii coali\u0163ii europene, condu\u015fi d FR \u015fi SUE, au \u00eencecat s\u0103-i ajute pe Otom.: M.Brit \u015fi OLANDA au p\u0103strat neutralitatea, pt a p\u0103stra privilegiile comerciale ob\u0163inute de la Sultan prin Capitula\u0163ii; \u015fi \u00eencercau s\u0103 previn\u0103 orice preluare a controlului asupra acestui stat de c\u0103tre na\u0163iunile europene ce tindeau spre hegemonie \u00een EUR. RU \u015fi AU luptau cu otomanii nu doar prin atac militar direct, dar \u015fi prin alimentarea nemul\u0163umirilor popula\u0163iei non-musulmane, asmu\u0163are la revolt\u0103 \u00eempotriva politicilor Sultanului. \u00cen consecin\u0163\u0103 a acestei situa\u0163ii, Imp. Otom. a fost \u00een r\u0103zboi cu du\u015fmanii europeni timp de 41 de ani, \u00eentre \u00eenfr\u00e2ngerea de la Vienna (1863) \u015fi Tratatul de la Ia\u015fi (1792). Din 1683 p\u00e2n\u0103 la 1699 a luptat contra armatelor Ligii Sfinte, un r\u0103zboi dezastruos terminat cu Pacea de la Karlowitz, negociat\u0103 din partea Por\u0163ii, de Rami Mehmet Efendi (aceasta pierdea Moreea, o parte din Dalma\u0163ia \u015fi insulele Arhipelagului treceau la Vene\u0163ia; Azovul \u00eel lua RU, aproape \u00eentreaga UNG+ TRANSILV+ SLAVONIA+ Ba\u00e7ka\u2014AU. Podolia plus o parte din Ucraina reveneau POL). Istoricii consider\u0103 Pacea de la Karlowitz \u00eenceputul Crizei Orientale, din 2 motive: 1.este prima \u00eemp\u0103r\u0163ire a teritoriilor Imp. Otoman. 2. este prima dat\u0103 c\u00e2nd se introduce practica MPs Europene de a se amesteca \u00een negocierile dintre Poart\u0103 \u015fi du\u015fmanii ei, \u00een favoarea Por\u0163ii, pt a-i p\u0103stra integritatea teritorial\u0103 \u015fi independen\u0163a.&nbsp;In continuare, \u00een 1710-1711 Poarta a \u0163inut piept RU, iar Tratatul de la Prut i-a re\u00eentors Azovul. Ca rezultat al celorlalte 4 r\u0103zboiae din prima jum. a sec.XVIII, Imp. Ot. a pierdut Ungaria, Banatul Timi\u015foarei, Transilvania, Bucovina \u00een EUR, stabilindu-\u015fi frontiera pe Dun\u0103re, unde fusese la \u00eenc. sec.XVI. MOMENTELE CHEIE (rezumate): 1)pierderile teritoriale; 2)cre\u015fterea influen\u0163ei \u00een interior a conduc\u0103torilor locali \u2014 notabilii; 3)revolte ale \u0163\u0103ranilor, ceea ce ducea la \u00eentreruperea aliment\u0103rii cu produse a capitalei, ora\u015felor aceasta ducea la-; 3)anarhie urban\u0103, caracterizat\u0103 de \u015fomaj, foamete, boli; 4)totul se \u00eencununa cu arestarea \u015fi condamnarea oficialilor, considera\u0163i responsabili (schimburi dese de putere); 5)rezisten\u0163a la schimbare = mul\u0163i otomani nu doreau schimbarea, deoarece ei singuri aveau de profitat de pe urma anarhiei \u015fi condamn\u0103rilor, ceea ce era, practic, sl\u0103birea controlului sultanului. Clasa conduc\u0103toare era complet izolat\u0103 de ceea ce se \u00eent\u00e2mpla \u00een \u0163ar\u0103. Considerau c\u0103 remediile pt destinul \u0163\u0103rii const\u0103 doar din practica \u015fi experien\u0163a otoman\u0103, din ideea fundamental\u0103 despre superioritatea societ\u0103\u0163ii otomane asupra celorlalte, p\u0103g\u00e2ne. de aceea nu erau gata s\u0103 \u00eenve\u0163e de la Europeni. Contactele cu ace\u015ftia se f\u0103ceau doar pe c\u00e2mpurile de lupt\u0103.<\/div>\n<\/div>\n","protected":false},"excerpt":{"rendered":"<p>Criza otoman\u0103 intern\u0103: Reformele \u00eencercate de Imp. Otom. \u00een sec.XVII au p\u0103rut s\u0103 dea roade. P\u00e2n\u0103 la 1681 armata otoman\u0103 p\u0103rea at\u00e2t de puternic\u0103 \u00eenc\u00e2t Kara Mustafa Pa\u015fa, cumnatul marelui vizir Ahmed K\u00f6pr\u00fcl\u00fc, a fost tentat s\u0103 porneasc\u0103 din nou spre centrul Europei ca s\u0103 cucereasc\u0103 Vienna (iulie-septembrie 1683). Efortul s\u0103u s-a dovedit a fi [&hellip;]<\/p>\n","protected":false},"author":3,"featured_media":0,"comment_status":"closed","ping_status":"closed","sticky":false,"template":"","format":"standard","meta":[],"categories":[1],"tags":[],"aioseo_notices":[],"_links":{"self":[{"href":"https:\/\/cvnextjob.com\/index.php\/wp-json\/wp\/v2\/posts\/107424"}],"collection":[{"href":"https:\/\/cvnextjob.com\/index.php\/wp-json\/wp\/v2\/posts"}],"about":[{"href":"https:\/\/cvnextjob.com\/index.php\/wp-json\/wp\/v2\/types\/post"}],"author":[{"embeddable":true,"href":"https:\/\/cvnextjob.com\/index.php\/wp-json\/wp\/v2\/users\/3"}],"replies":[{"embeddable":true,"href":"https:\/\/cvnextjob.com\/index.php\/wp-json\/wp\/v2\/comments?post=107424"}],"version-history":[{"count":0,"href":"https:\/\/cvnextjob.com\/index.php\/wp-json\/wp\/v2\/posts\/107424\/revisions"}],"wp:attachment":[{"href":"https:\/\/cvnextjob.com\/index.php\/wp-json\/wp\/v2\/media?parent=107424"}],"wp:term":[{"taxonomy":"category","embeddable":true,"href":"https:\/\/cvnextjob.com\/index.php\/wp-json\/wp\/v2\/categories?post=107424"},{"taxonomy":"post_tag","embeddable":true,"href":"https:\/\/cvnextjob.com\/index.php\/wp-json\/wp\/v2\/tags?post=107424"}],"curies":[{"name":"wp","href":"https:\/\/api.w.org\/{rel}","templated":true}]}}