{"id":107377,"date":"2018-02-19T03:08:00","date_gmt":"2018-02-19T03:08:00","guid":{"rendered":""},"modified":"2023-01-08T10:34:49","modified_gmt":"2023-01-08T10:34:49","slug":"problema-turca-la-conferinta-de-pace-de-2","status":"publish","type":"post","link":"https:\/\/cvnextjob.com\/index.php\/2018\/02\/19\/problema-turca-la-conferinta-de-pace-de-2\/","title":{"rendered":"Problema Turc\u0103 la Conferin\u0163a de Pace de la Paris."},"content":{"rendered":"<div style=\"margin-top: 0px; margin-bottom: 0px;\" class=\"sharethis-inline-share-buttons\" ><\/div><h3 class=\"post-title entry-title\" itemprop=\"headline\" style=\"background-color: white; color: #333333; font-family: Oswald, sans-serif; font-size: 20px; font-stretch: normal; font-variant-east-asian: normal; font-variant-numeric: normal; font-weight: normal; line-height: 1.1; margin: 0px 0px 10px; padding: 0px; position: relative;\"><\/h3>\n<div class=\"post-body entry-content\" id=\"post-body-8714740266184405665\" style=\"background-color: white; color: #555555; font-family: Roboto, Arial, Helvetica, sans-serif; font-size: 13px; line-height: 1.7; margin: 0px; overflow: hidden; padding: 0px; width: 615px;\">\n<div style=\"text-align: justify;\">Problema Turc\u0103 la Conferin\u0163a de Pace de la Paris avea c\u00e2teva dimensiuni: TERITORIAL\u0102: a)problema \u201eindependen\u0163ei\u201d&nbsp;<b>arabi<\/b>lor, b)formarea&nbsp;<b>Armeniei<\/b>, c)Izmirul (<b>Smyrna<\/b>) ocupat de Grecia, d)problema&nbsp;<b>str\u00e2mtori<\/b>lor \u015fi a ocup\u0103rii&nbsp;<b>Constantinopol<\/b>ului, e)<b>Tracia&nbsp;<\/b>(se va oferi Greciei \u015fi\/sau nu Bulgariei), FINANCIARE: a)supunerea T\u00dcRK dpdv finaciar\/\u015fi politic&nbsp;<b>Comisiei Financiare<\/b>&nbsp;Aliate, b)problema datoriilor\/falimentului acestui stat.&nbsp;<span style=\"text-decoration-line: underline;\">Pozi\u0163iile MPs<\/span><b>: FR<\/b>&nbsp;avea cele m\/multe interese financiare \u00een TURK. Investitorilor francezi le apar\u0163ineau 80% din obliga\u0163iile datoriilor otomane \u2013 suma general\u0103 a acestora fiind de 144 mln m\u0103rci germane. De asemenea, nu pu\u0163ine resurse franceze fuseser\u0103 investite \u00een \u00eentreprinderile turce\u015fti. Investitorii fr.pierduser\u0103 enorm din datoriile fa\u0163\u0103 de Imp.\u0162arist, \u015fi acum luptau pt respectarea drepturilor lor \u00een TURK. \u00cen special<a href=\"https:\/\/www.blogger.com\/blogger.g?blogID=4202955034125599721\" name=\"more\" style=\"color: #ee5307; outline: none; text-decoration-line: none;\"><\/a>&nbsp;aceast\u0103 atitudine s-a eviden\u0163iat dup\u0103 schimbarea puterii \u00een FR, \u015fi plecarea lui Clemenceau: Millierand era mai activ \u00een acest aspect. Silin\u0163ele sale \u015fi a echipei sale de negocieri a dus la formarea Comisiei Financiare (ideea francezilor era ca aceasta s\u0103 controleze nu doar totalmente finan\u0163ele TURK, ci \u015fi dpdv politic). Lloyd G. era mai ra\u0163ional \u00een acest sens. La preten\u0163iile FR de a oferi Comis. Financiare drepturi mult prea largi,&nbsp;<b>M.BRIT<\/b>&nbsp;cerea limitarea puterilor acesteia \u00een domeniul financiar. Nitti (reprezentantul IT) de asemenea a dat de \u00een\u0163eles c\u0103 controlul politic al TURK nu este o necesitate.&nbsp;<b>IT<\/b>&nbsp;nu au fost mul\u0163umi\u0163i: \u00een timpul r\u0103zboiului li se promisese coasta de Sud a Anatoliei. Au trebuit s\u0103 renun\u0163e la ea pt c\u0103 era ireal\u0103 &amp; nefondat\u0103 promisiunea (fusese f\u0103cut\u0103 ca s\u0103-i calmeze furia c\u00e2nd aflase k\u0103 nu a fost invitat\u0103 la negocierea TRAT.Sykes-Picault). M\/ales c\u0103 \u015fi aici s-a scimbat puterea, \u015fi ambi\u0163iilor lui Orlando nu i-au urmat \u015fi Nitti cu Tittoni. Ace\u015ftia nu aveau mari interese teritoriale \u00een afar\u0103, \u015fi contau doar pe o dezvoltare suficient\u0103 din interior plus o expansiune de factur\u0103 comercial-economic\u0103 peste hotarele IT. Chiar \u00een contextul negocierilor, ac\u0163iunile militare \u00een Anatolia continuau \u2013 \u201eR\u0103zboiul de Independen\u0163\u0103\u201d. Francezii fuseser\u0103 \u00eenvin\u015fi, armenii, -\u201eproteja\u0163ii\u201d alia\u0163ilor- iar\u0103\u015fi m\u0103cel\u0103ri\u0163i. Alia\u0163ii care ob\u0163inuser\u0103 drepturi economice, control \u00een anumite regiuni, \u00een\u0163elegeau c\u0103, pe l\u00e2ng\u0103 acestea, se ad\u0103ugau \u015fi enorme responsabilit\u0103\u0163i. Britanicii luaser\u0103 regiunea Mosul pt rezervele de petrol, dar nu erau \u00een stare s\u0103 fac\u0103 fa\u0163\u0103 bandelor de turci care \u00eei atacau. SUA a respins mandatul asupra Armeniei (=Pas inteligent). Odat\u0103 cu numirea lui Mustafa Kemal-Pa\u015fa \u00een calitate de guvernator al Erzerum \u2013 ora\u015f ce urma a face parte din \u201eArmenia\u201d \u2013 era clar c\u0103 proiectul armean va c\u0103dea. FR \u015fi IT, treptat, pierd interesul pt regiunile promise spre anexare.&nbsp;<b>SUA<\/b>&nbsp;\u00eens\u0103, sus\u0163inea Dreptul armenilor la teritoriile lor istorice. De\u015fi to\u0163i Alia\u0163ii erau de acord cu aceasta, na\u0163iunea \u015fi pre\u015fedintele American erau foarte \u00eend\u00e2rji\u0163i \u00een acest principiu, chiar \u015fi \u00eentr-o situa\u0163ie proast\u0103 a s\u0103n\u0103t\u0103\u0163ii. SUA nu fusese \u00een r\u0103zboi direct cu TURK, dar armatele sale luptaser\u0103 cu alia\u0163ii acestei \u0163\u0103ri \u2013 de aceea \u00ee\u015fi arog\u0103 dreptul de a urm\u0103ri procesul negocierii p\u0103cii. SUA sus\u0163inea \u015fi ideea alung\u0103rii turcilor din Constantinopol. Saluta implicarea RU \u00een rezolvarea problema str\u00e2mtorilor. \u00cen problema arab\u0103 sus\u0163inea k\u0103 TURK trebuia s\u0103 renun\u0163e la aceste teritorii \u00een favoarea Alia\u0163ilor, ka ace\u015ftia s\u0103 dispun\u0103 de ele la libera alegere. Problema Armean\u0103 s-a discutat \u015fi la Conferin\u0163a Consiliului Aliat de la&nbsp;<span style=\"text-decoration-line: underline;\">San-Remo (apr.1920<\/span>). Armenilor li s-a semnat \u015fentin\u0163a \u2013 nu li se va acorda ajutor militar pt recucerirea Erzerum-ului (trebuiau s-o fac\u0103 singuri). Ei singuri resurse nu prea aveau, \u00eempotriva armatei lui Mustafa Kemal-Pa\u015fa.&nbsp;<b>Constantinopolul<\/b>&nbsp;a fost evacuat de trupele turce\u015fti, \u015fi ocupat de trupe aliate, \u00een special britanice.&nbsp;<b>SMYRNA<\/b>: ocupat\u0103 de greci (90,000 solda\u0163i). Era \u00eent\u0103rit\u0103 bine. Dup\u0103 semnarea TRAT.Sevres Venizelos era foarte mul\u0163umit de cele ob\u0163inute. Dar puterea greac\u0103 nu a fost \u00een stare s\u0103 apere cele ob\u0163inute \u2013motivul sl\u0103birii sale au fost ne\u00een\u0163elegerile politice interne \u2013 iar de aceast\u0103 vulnerabilitate s-a folosit Mustafa Kemal-Pa\u015fa, care \u015fi-a rec\u0103p\u0103tat acest teritoriu \u00een timpul R\u0103zboiului pentru Independen\u0163\u0103.<\/div>\n<\/div>\n","protected":false},"excerpt":{"rendered":"<p>Problema Turc\u0103 la Conferin\u0163a de Pace de la Paris avea c\u00e2teva dimensiuni: TERITORIAL\u0102: a)problema \u201eindependen\u0163ei\u201d&nbsp;arabilor, b)formarea&nbsp;Armeniei, c)Izmirul (Smyrna) ocupat de Grecia, d)problema&nbsp;str\u00e2mtorilor \u015fi a ocup\u0103rii&nbsp;Constantinopolului, e)Tracia&nbsp;(se va oferi Greciei \u015fi\/sau nu Bulgariei), FINANCIARE: a)supunerea T\u00dcRK dpdv finaciar\/\u015fi politic&nbsp;Comisiei Financiare&nbsp;Aliate, b)problema datoriilor\/falimentului acestui stat.&nbsp;Pozi\u0163iile MPs: FR&nbsp;avea cele m\/multe interese financiare \u00een TURK. Investitorilor francezi le apar\u0163ineau [&hellip;]<\/p>\n","protected":false},"author":3,"featured_media":0,"comment_status":"closed","ping_status":"closed","sticky":false,"template":"","format":"standard","meta":[],"categories":[1],"tags":[],"aioseo_notices":[],"_links":{"self":[{"href":"https:\/\/cvnextjob.com\/index.php\/wp-json\/wp\/v2\/posts\/107377"}],"collection":[{"href":"https:\/\/cvnextjob.com\/index.php\/wp-json\/wp\/v2\/posts"}],"about":[{"href":"https:\/\/cvnextjob.com\/index.php\/wp-json\/wp\/v2\/types\/post"}],"author":[{"embeddable":true,"href":"https:\/\/cvnextjob.com\/index.php\/wp-json\/wp\/v2\/users\/3"}],"replies":[{"embeddable":true,"href":"https:\/\/cvnextjob.com\/index.php\/wp-json\/wp\/v2\/comments?post=107377"}],"version-history":[{"count":0,"href":"https:\/\/cvnextjob.com\/index.php\/wp-json\/wp\/v2\/posts\/107377\/revisions"}],"wp:attachment":[{"href":"https:\/\/cvnextjob.com\/index.php\/wp-json\/wp\/v2\/media?parent=107377"}],"wp:term":[{"taxonomy":"category","embeddable":true,"href":"https:\/\/cvnextjob.com\/index.php\/wp-json\/wp\/v2\/categories?post=107377"},{"taxonomy":"post_tag","embeddable":true,"href":"https:\/\/cvnextjob.com\/index.php\/wp-json\/wp\/v2\/tags?post=107377"}],"curies":[{"name":"wp","href":"https:\/\/api.w.org\/{rel}","templated":true}]}}