{"id":107371,"date":"2018-02-19T03:11:00","date_gmt":"2018-02-19T03:11:00","guid":{"rendered":""},"modified":"2023-01-08T10:34:46","modified_gmt":"2023-01-08T10:34:46","slug":"problema-iugoslava-la-conferinta-de-2","status":"publish","type":"post","link":"https:\/\/cvnextjob.com\/index.php\/2018\/02\/19\/problema-iugoslava-la-conferinta-de-2\/","title":{"rendered":"Problema iugoslav\u0103 la Conferin\u0163a de Pace de la Paris."},"content":{"rendered":"<div style=\"margin-top: 0px; margin-bottom: 0px;\" class=\"sharethis-inline-share-buttons\" ><\/div><h3 class=\"post-title entry-title\" itemprop=\"headline\" style=\"background-color: white; color: #333333; font-family: Oswald, sans-serif; font-size: 20px; font-stretch: normal; font-variant-east-asian: normal; font-variant-numeric: normal; font-weight: normal; line-height: 1.1; margin: 0px 0px 10px; padding: 0px; position: relative;\"><\/h3>\n<div class=\"post-body entry-content\" id=\"post-body-3075462130581637947\" style=\"background-color: white; color: #555555; font-family: Roboto, Arial, Helvetica, sans-serif; font-size: 13px; line-height: 1.7; margin: 0px; overflow: hidden; padding: 0px; width: 615px;\">\n<div style=\"text-align: justify;\">Problema iugoslav\u0103 s-a \u00eencadrat negocierilor vis-a-vis de \u00eencheierea&nbsp;<span style=\"text-decoration-line: underline;\">p\u0103cii cu Austria \u015fi Ungaria<\/span>, dat fiind faptul c\u0103 teritoriile ce pretindeau acum a se \u00eencadra noului Regat s\u00e2rbo-croato-sloven fuseser\u0103 p\u0103r\u0163i componente ale Monarhiei Dualiste Austro-Ungare. Din \u00eenscrierile lui Lloyd George afl\u0103m c\u0103 2.1 mln iugoslavi locuiau sub tutela Vienei, 3.1 mln \u2013 erau supu\u015fii Budapestei, iar un nr de 1.9 mln se aflau \u00een supunere comun\u0103 austro-ungar\u0103 \u00een B&amp;H. \u00cen ceea ce prive\u015fte pozi\u0163iile MPs vis-a-vis de formarea unui atare stat: 1)ideea form\u0103rii unei federa\u0163ii balcanice exista demult, at\u00e2t la serbi (planul \u201e<span style=\"text-decoration-line: underline;\">Nacertanie<\/span>\u201d al unirii balcanicilor \u00een jurul SER- sec.19) c\u00e2t \u015fi la sloveni \u015fi croa\u0163i.&nbsp;<a href=\"https:\/\/www.blogger.com\/blogger.g?blogID=4202955034125599721\" name=\"more\" style=\"color: #ee5307; outline: none; text-decoration-line: none;\"><\/a>2)<b>FR sus\u0163inea<\/b>&nbsp;ideea form\u0103rii unui stat aliat puternic \u00een Balcani, pt a crea lan\u0163ul protector al Vestului de bol\u015fevism. \u00cen plus, to\u0163i alia\u0163ii urm\u0103reau sl\u0103birea aliatului GER \u2013 Austro-Ungaria.3)<b>SUA<\/b>&nbsp;sus\u0163inea prompt dreptul tuturor na\u0163ionalit\u0103\u0163ilor ce c\u00e2ndva fuseser\u0103 sub controlul Imperiului la autodeterminare \u2013 respect\u00e2nd decizia slavilor balcanici de a se uni \u00eentr-un stat, cu obligarea acestora de a semna Tratatul Minorit\u0103\u0163ilor. O problematic\u0103 complicat\u0103 \u00een cadrul form\u0103rii\/recunoa\u015fterii noului stat a constituit-o problema frontierelor regatului s\u00e2rbo-croato-sloven. Acesta avea&nbsp;<b>grani\u0163ele nedefinite \u00een raport cu IT, ROM \u015fi AUSTR<\/b>. IT era unica dintre puterile aliate cu o atitudine negativ\u0103 fa\u0163\u0103 de Iugoslavia nou-format\u0103. Conflictul lor era unul de ordin teritorial \u2013 delega\u0163ia iugoslav\u0103 protesta \u00eempotriva punctelor din Acordul d l Londra (1915) ce \u00eei ofereau IT coasta Dalmat\u0103 \u015fi o parte din Istria Sloven\u0103.iugoslavii cereau Triestul \u015fi alte ora\u015fe din regiunile cu popula\u0163ie majoritar italian\u0103 \u00een virtutea faptului c\u0103 \u00een raioanele rurale slavii constituiau majoritatea zdrobitoare \u015fi c\u0103 toat\u0103 importan\u0163a acestor ora\u015fe d p coast\u0103 consta din a asigura necesit\u0103\u0163ile comerciale a p\u0103r\u0163ii interioare a \u0163\u0103rii. Aspectul problematic al hotarului s\u00e2rb cu ROM era reflectat \u00een preten\u0163iile de ambele p\u0103r\u0163i asupra Banatului. De\u015fi Br\u0103tianu demonstrase clar preponderen\u0163a etnicilor rom\u00e2ni din regiune, pled\u00e2nd pt acordarea ei \u00een \u00eentregime ROM, MPs \u015fov\u0103iau, admi\u0163\u00e2nd posibilitatea partaj\u0103rii regiunii \u00eentre cei doi alia\u0163i. SUA a cerut partajarea, \u00een baza principiului autodetermin\u0103rii etnice (\u00een vestul Banatului concentra\u0163ia d s\u00e2rbi \u015fi germani era m\/mare). M.BRIT era \u00eempotriva \u00eemp\u0103r\u0163irii. FR accepta ideea partaj\u0103rii Banatului, cu condi\u0163ia ca \u00een schimb s\u0103 s recompenseze ROM cu recunoa\u015fterea unirii Basarabiei. IT, care urm\u0103rea sl\u0103birea concurentului s\u0103u la Adriatic\u0103, ar fi cedat tot Banatul ROM. Soarta frontierei s\u00e2rbo-rom\u00e2ne s-a decis la 18 martie 1919 \u2013 atunci c\u00e2nd Banatul a fost partajat \u2013 \u015fi 1\/3 din el a revenit Iugoslaviei. Negocierile din partea SER au fost conduse de Trumbici, iar a ROM \u2013 de IonICB. Conflictul referitor la frontiera regatului s\u00e2rbo-croato-sloven cu AUSTR s referea la apartenen\u0163a regiunii Klagenfurt la una dintre ele. Consiliul celor 4 a stabilit c\u0103 conflictul va fi decis printr-un plebiscit \u00een regiune, la care Ve\u015fnici (reprezentantul SER) a protestat vehement. Argument: nemul\u0163umirile\/protestele slavilor au sl\u0103bit considerabil Imp.AUSTR \u00een timpul r\u0103zboiului, d aceea au dreptul d a fi r\u0103spl\u0103ti\u0163i. \u00cen final, prin plebiscit, Klagenfurtul s-a decis a r\u0103m\u00e2ne \u00een componen\u0163a AUSTR.<\/div>\n<\/div>\n","protected":false},"excerpt":{"rendered":"<p>Problema iugoslav\u0103 s-a \u00eencadrat negocierilor vis-a-vis de \u00eencheierea&nbsp;p\u0103cii cu Austria \u015fi Ungaria, dat fiind faptul c\u0103 teritoriile ce pretindeau acum a se \u00eencadra noului Regat s\u00e2rbo-croato-sloven fuseser\u0103 p\u0103r\u0163i componente ale Monarhiei Dualiste Austro-Ungare. Din \u00eenscrierile lui Lloyd George afl\u0103m c\u0103 2.1 mln iugoslavi locuiau sub tutela Vienei, 3.1 mln \u2013 erau supu\u015fii Budapestei, iar un [&hellip;]<\/p>\n","protected":false},"author":3,"featured_media":0,"comment_status":"closed","ping_status":"closed","sticky":false,"template":"","format":"standard","meta":[],"categories":[1],"tags":[],"aioseo_notices":[],"_links":{"self":[{"href":"https:\/\/cvnextjob.com\/index.php\/wp-json\/wp\/v2\/posts\/107371"}],"collection":[{"href":"https:\/\/cvnextjob.com\/index.php\/wp-json\/wp\/v2\/posts"}],"about":[{"href":"https:\/\/cvnextjob.com\/index.php\/wp-json\/wp\/v2\/types\/post"}],"author":[{"embeddable":true,"href":"https:\/\/cvnextjob.com\/index.php\/wp-json\/wp\/v2\/users\/3"}],"replies":[{"embeddable":true,"href":"https:\/\/cvnextjob.com\/index.php\/wp-json\/wp\/v2\/comments?post=107371"}],"version-history":[{"count":0,"href":"https:\/\/cvnextjob.com\/index.php\/wp-json\/wp\/v2\/posts\/107371\/revisions"}],"wp:attachment":[{"href":"https:\/\/cvnextjob.com\/index.php\/wp-json\/wp\/v2\/media?parent=107371"}],"wp:term":[{"taxonomy":"category","embeddable":true,"href":"https:\/\/cvnextjob.com\/index.php\/wp-json\/wp\/v2\/categories?post=107371"},{"taxonomy":"post_tag","embeddable":true,"href":"https:\/\/cvnextjob.com\/index.php\/wp-json\/wp\/v2\/tags?post=107371"}],"curies":[{"name":"wp","href":"https:\/\/api.w.org\/{rel}","templated":true}]}}