{"id":107271,"date":"2018-02-19T08:50:00","date_gmt":"2018-02-19T08:50:00","guid":{"rendered":""},"modified":"2023-01-08T10:34:00","modified_gmt":"2023-01-08T10:34:00","slug":"caderea-comunismului-in-2","status":"publish","type":"post","link":"https:\/\/cvnextjob.com\/index.php\/2018\/02\/19\/caderea-comunismului-in-2\/","title":{"rendered":"C\u0103derea comunismului \u00een: Polonia,Cehoslovacia, Ungaria."},"content":{"rendered":"<div style=\"margin-top: 0px; margin-bottom: 0px;\" class=\"sharethis-inline-share-buttons\" ><\/div><h3 class=\"post-title entry-title\" itemprop=\"headline\" style=\"background-color: white; color: #333333; font-family: Oswald, sans-serif; font-size: 20px; font-stretch: normal; font-variant-east-asian: normal; font-variant-numeric: normal; font-weight: normal; line-height: 1.1; margin: 0px 0px 10px; padding: 0px; position: relative;\"><\/h3>\n<div class=\"post-body entry-content\" id=\"post-body-7727639667630193276\" style=\"background-color: white; color: #555555; font-family: Roboto, Arial, Helvetica, sans-serif; font-size: 13px; line-height: 1.7; margin: 0px; overflow: hidden; padding: 0px; width: 615px;\">\n<div style=\"line-height: 19.5px; text-align: justify;\">Cauzele c\u0103derii comunismului aici au fost diverse: factorul Gorbaciov; criza sistemului sovietic, destinderea interna\u0163ional\u0103,obosirea sistemului, ineficien\u0163a economic\u0103, deschiderea spre vest \u015f.a. \u00cen aceste 3 \u0163\u0103ri a existat a\u015fa numitul&nbsp;<b>sistem nordic<\/b>&nbsp;unde for\u0163ele democrate \u00eenving din start elimin\u00e2nd comunismul.&nbsp;<b>Cehoslovacia<\/b>. \u00cen noiembrie\/decembrie are loc schimbul de putere. La 17 noiembrie s-a decis&nbsp;<a href=\"https:\/\/www.blogger.com\/blogger.g?blogID=4202955034125599721\" name=\"more\" style=\"color: #ee5307; outline: none; text-decoration-line: none;\"><\/a>comemorarea a manifesta\u0163iei din 1939 \u00eempotriva ocupan\u0163ilor, poli\u0163ia a intervenit \u00een for\u0163\u0103. A doua zi 200mii de persoane erau protestau. Se forma&nbsp;<b>Forumul Civic<\/b>&nbsp;Dup\u0103 8 zile de lupte \u00eempotriva statului, conducerea comunist\u0103 a fost&nbsp;<b>\u00eenl\u0103turat\u0103 la 24 noiembrie.<\/b>&nbsp;Conducerea nou\u0103 a fost de acord s\u0103 anuleze monopolul comunist \u00een schimbul puterii (28 noiembrie). Demonstra\u0163iile continue au dus la demisia pre\u015fedintelui Gustav Gusac (10decembrie) care a fost \u00eenlocuit cu Vaclav Havel (29decembrie). Pre\u015fedintele Parlamentului devine Al. Dubcec. Ca urmare la 29 februarie 1990 \u00eencepe&nbsp;<b>evacuarea trupelor sovietice<\/b>&nbsp;de aici.<\/div>\n<p><\/p>\n<div style=\"line-height: 19.5px; text-align: justify;\"><b>Polonia.&nbsp;<\/b>\u00cen urma alegerilor din 4.06.1989 comuni\u015ftii pierd alegerile. 99din 100 de locuri \u00een senat erau ocupate se sus\u0163in\u0103torii ,,Solidarit\u0103\u0163ii\u2019\u2019. \u00cen Seim ace\u015ftia ob\u0163in toate cele 161 de locuri. Nici unul din cele 299 de locuri garantate comuni\u015ftilor nu a fost ob\u0163inut de persoane sprijinite de partid iar apoi s-a optat p\/u reforma \u00een interiorul partidului. La 14 august comuni\u015ftii n-au putut forma guvernul. Candidatul comuni\u015ftilor la func\u0163ia de prim-ministru Chi\u015faknu a putut forma guvernul. Acordul \u00eentre Earuzelski \u015fi Walesa au adus la alegerea prim-ministrului pe Mazovetski (membru solidaritatea). La 20 mai 1990 au avut loc alegerile \u00een organele locale. Membrii Solidarit\u0103\u0163ii ob\u0163ineau 40%, PSD(PC) \u2013 2%. \u00cen cele din urm\u0103 la 9 decembrie 1990 pre\u015fedinte e ales Lech Walesa.&nbsp;<b>Ungaria.&nbsp;<\/b>La 2 mai 1898 Ungaria deschide frontiera cu Austria, fiind prima din blocul comunist care deschide hotarele. \u00cen luna octombrie, sistemul comunist din Ungaria se sf\u0103r\u00e2m\u0103. La 19 octombrie 1989 majoritatea parlamentar\u0103 a&nbsp;<b>permis legalizarea partidelor de opozi\u0163ie<\/b>&nbsp;astfel se anula monopolul politic. La fel se&nbsp;<b>anulau<\/b>&nbsp;articolele staliniste din constitu\u0163ie. \u00cen timpul unui congres extraordinar, Partidul Comunist a fost transformat \u00een socialist (<b>PSU<\/b>). Se abandona principiile centralismului democratic \u015fi dictatura proletariatului. La 23 octombrie se proclam\u0103 ce de-a&nbsp;<b>IV-a republic\u0103<\/b>, pun\u00e2nd cap\u0103t Republicii Populare instaurate \u00een 1949 \u015fi decid primele alegeri libere. La 11 martie 1990 \u00eencepe&nbsp;<b>evacuarea trupelor sovietice<\/b>&nbsp;iar la 26 iunie 1990 Ungaria&nbsp;<b>iese din OTV.<\/b><\/div>\n<\/div>\n","protected":false},"excerpt":{"rendered":"<p>Cauzele c\u0103derii comunismului aici au fost diverse: factorul Gorbaciov; criza sistemului sovietic, destinderea interna\u0163ional\u0103,obosirea sistemului, ineficien\u0163a economic\u0103, deschiderea spre vest \u015f.a. \u00cen aceste 3 \u0163\u0103ri a existat a\u015fa numitul&nbsp;sistem nordic&nbsp;unde for\u0163ele democrate \u00eenving din start elimin\u00e2nd comunismul.&nbsp;Cehoslovacia. \u00cen noiembrie\/decembrie are loc schimbul de putere. La 17 noiembrie s-a decis&nbsp;comemorarea a manifesta\u0163iei din 1939 \u00eempotriva ocupan\u0163ilor, [&hellip;]<\/p>\n","protected":false},"author":3,"featured_media":0,"comment_status":"closed","ping_status":"closed","sticky":false,"template":"","format":"standard","meta":[],"categories":[1],"tags":[],"aioseo_notices":[],"_links":{"self":[{"href":"https:\/\/cvnextjob.com\/index.php\/wp-json\/wp\/v2\/posts\/107271"}],"collection":[{"href":"https:\/\/cvnextjob.com\/index.php\/wp-json\/wp\/v2\/posts"}],"about":[{"href":"https:\/\/cvnextjob.com\/index.php\/wp-json\/wp\/v2\/types\/post"}],"author":[{"embeddable":true,"href":"https:\/\/cvnextjob.com\/index.php\/wp-json\/wp\/v2\/users\/3"}],"replies":[{"embeddable":true,"href":"https:\/\/cvnextjob.com\/index.php\/wp-json\/wp\/v2\/comments?post=107271"}],"version-history":[{"count":0,"href":"https:\/\/cvnextjob.com\/index.php\/wp-json\/wp\/v2\/posts\/107271\/revisions"}],"wp:attachment":[{"href":"https:\/\/cvnextjob.com\/index.php\/wp-json\/wp\/v2\/media?parent=107271"}],"wp:term":[{"taxonomy":"category","embeddable":true,"href":"https:\/\/cvnextjob.com\/index.php\/wp-json\/wp\/v2\/categories?post=107271"},{"taxonomy":"post_tag","embeddable":true,"href":"https:\/\/cvnextjob.com\/index.php\/wp-json\/wp\/v2\/tags?post=107271"}],"curies":[{"name":"wp","href":"https:\/\/api.w.org\/{rel}","templated":true}]}}