{"id":107241,"date":"2018-02-19T09:16:00","date_gmt":"2018-02-19T09:16:00","guid":{"rendered":""},"modified":"2023-01-08T10:33:44","modified_gmt":"2023-01-08T10:33:44","slug":"competentele-comunitatilor-europene-si-2","status":"publish","type":"post","link":"https:\/\/cvnextjob.com\/index.php\/2018\/02\/19\/competentele-comunitatilor-europene-si-2\/","title":{"rendered":"Competen\u0163ele Comunit\u0103\u0163ilor Europene \u015fi domeniile lor de ac\u0163iune."},"content":{"rendered":"<div style=\"margin-top: 0px; margin-bottom: 0px;\" class=\"sharethis-inline-share-buttons\" ><\/div><h3 class=\"post-title entry-title\" itemprop=\"headline\" style=\"background-color: white; color: #333333; font-family: Oswald, sans-serif; font-size: 20px; font-stretch: normal; font-variant-east-asian: normal; font-variant-numeric: normal; font-weight: normal; line-height: 1.1; margin: 0px 0px 10px; padding: 0px; position: relative;\"><\/h3>\n<div class=\"post-body entry-content\" id=\"post-body-2599686292276334687\" style=\"background-color: white; color: #555555; font-family: Roboto, Arial, Helvetica, sans-serif; font-size: 13px; line-height: 1.7; margin: 0px; overflow: hidden; padding: 0px; width: 615px;\">\n<div class=\"MsoNoSpacing\" style=\"line-height: 19.5px; text-align: justify;\">Repartizarea competentelor \u00eentre Comunitatile europene si statele membre ale acestora apare ca o problema deosebit de complexa. Aceste competente nu sunt reglementate de tratatele comunitare \u00een mod general, ci \u00een functie de obiectul de activitate al Comunitatilor. Principiile care guverneaza repartizarea competentelor \u00eentre Comunitati si statele membre sunt prevazute de Tratatul de la Maastricht, la art. 3B. Din continutul acestui articol se desprind cele trei principii care stau la baza repartizarii competentele comunitare: -principiul specializarii; -principiul subsidiaritatii; -principiul proportionalitatii. Competen\u0163ele exclusive ale Uniunii Europene. Statele&nbsp;<a href=\"https:\/\/www.blogger.com\/blogger.g?blogID=4202955034125599721\" name=\"more\" style=\"color: #ee5307; outline: none; text-decoration-line: none;\"><\/a>membre \u00ee\u015fi transfer\u0103 competen\u0163ele Uniunii Europene \u015fi nu pot interveni \u00een cadrul comunitar. Aceste competen\u0163e se aplic\u0103 \u00een domeniul politicii comerciale comune, politicii concuren\u0163iale, politicii monetare. Competen\u0163ele partajate. Statele membe \u015fi Uniunea European\u0103 \u00ee\u015fi exercit\u0103 \u00eempreun\u0103 competen\u0163ele \u00een baza principiului subsidiarit\u0103\u0163ii. Aceste competen\u0163e se aplic\u0103 \u00een domeniul politicii agricole comune (PAC), politicii de coeziune economic\u0103 \u015fi social\u0103, pia\u0163ei interne, protec\u0163iei consumatorilor, transporturilor, energiei.<br \/>Competen\u0163ele de completare, sus\u0163inere \u015fi coordonare. Uniunea European\u0103 completeaz\u0103, sus\u0163ine \u015fi coordoneaz\u0103 ac\u0163iunile statelor membre. In conformitate cu domeniul de actiune al competentelor, aceste sunt repartizate in alte doua tipuri: Competente interne: (competentele nerepartizate \u2013 se refera la realizarea uniunii vamale si a Pietii Comune; competentele transferate \u2013 se refera la transferarea competentelor statelor membre catre Comunitati, in special in stabilirea si gestionarea tarifului vamal comun si relatiile tarifare cu statele terte; competentele incadrate \u2013 se refera la situatia cind statele membre nu au renuntat la competentele lor, insa au acceptat sa o limiteze pt a contribui la functionarea eficace a Pietii comune; competentele concurente \u2013 vizeaza ipoteza \u00een care statele ram\u00e2n titulare ale unei competente de principiu, Comunitatea nedispun\u00e2nd de competenta de a lua masuri de \u00eencadrare sau de armonizare cu caracter obligatoriu.) Competente externe: (Competentele externe atribuite \u00een mod explicit \u2013 recunoscute in mod expres; Competentele externe fondate pe clauzele de adaptare \u2013 atribuite prin extinderea tratatului de la Maastrich; Competentele externe recunoscute \u00een mod implicit \u2013 care decurg implicit din sistemul tratatelor).<\/div>\n<p><\/p>\n<div class=\"MsoNoSpacing\" style=\"line-height: 19.5px; text-align: justify;\">Competen\u0163ele se aplic\u0103 \u00een urmatoarele domenii: politica agricola comuna (PAC), politica de coeziune economic\u0103 \u015fi social\u0103, pia\u0163a interna, tarifele vamale, relatiile tarifare cu statele terte protec\u0163ia consumatorilor, domeniul transporturilor, energiei, educa\u0163iei \u015fi form\u0103rii profesionale, culturii \u015fi s\u0103n\u0103t\u0103\u0163ii.<\/div>\n<\/div>\n","protected":false},"excerpt":{"rendered":"<p>Repartizarea competentelor \u00eentre Comunitatile europene si statele membre ale acestora apare ca o problema deosebit de complexa. Aceste competente nu sunt reglementate de tratatele comunitare \u00een mod general, ci \u00een functie de obiectul de activitate al Comunitatilor. Principiile care guverneaza repartizarea competentelor \u00eentre Comunitati si statele membre sunt prevazute de Tratatul de la Maastricht, la [&hellip;]<\/p>\n","protected":false},"author":3,"featured_media":0,"comment_status":"closed","ping_status":"closed","sticky":false,"template":"","format":"standard","meta":[],"categories":[1],"tags":[],"aioseo_notices":[],"_links":{"self":[{"href":"https:\/\/cvnextjob.com\/index.php\/wp-json\/wp\/v2\/posts\/107241"}],"collection":[{"href":"https:\/\/cvnextjob.com\/index.php\/wp-json\/wp\/v2\/posts"}],"about":[{"href":"https:\/\/cvnextjob.com\/index.php\/wp-json\/wp\/v2\/types\/post"}],"author":[{"embeddable":true,"href":"https:\/\/cvnextjob.com\/index.php\/wp-json\/wp\/v2\/users\/3"}],"replies":[{"embeddable":true,"href":"https:\/\/cvnextjob.com\/index.php\/wp-json\/wp\/v2\/comments?post=107241"}],"version-history":[{"count":0,"href":"https:\/\/cvnextjob.com\/index.php\/wp-json\/wp\/v2\/posts\/107241\/revisions"}],"wp:attachment":[{"href":"https:\/\/cvnextjob.com\/index.php\/wp-json\/wp\/v2\/media?parent=107241"}],"wp:term":[{"taxonomy":"category","embeddable":true,"href":"https:\/\/cvnextjob.com\/index.php\/wp-json\/wp\/v2\/categories?post=107241"},{"taxonomy":"post_tag","embeddable":true,"href":"https:\/\/cvnextjob.com\/index.php\/wp-json\/wp\/v2\/tags?post=107241"}],"curies":[{"name":"wp","href":"https:\/\/api.w.org\/{rel}","templated":true}]}}