{"id":107229,"date":"2018-02-19T09:23:00","date_gmt":"2018-02-19T09:23:00","guid":{"rendered":""},"modified":"2023-01-08T10:33:40","modified_gmt":"2023-01-08T10:33:40","slug":"procesul-de-adancire-integrarii-2","status":"publish","type":"post","link":"https:\/\/cvnextjob.com\/index.php\/2018\/02\/19\/procesul-de-adancire-integrarii-2\/","title":{"rendered":"Procesul de ad\u00e2ncire a integr\u0103rii europene \u00een anii \u201950 sec. XX. Integrarea pe vertical\u0103."},"content":{"rendered":"<div style=\"margin-top: 0px; margin-bottom: 0px;\" class=\"sharethis-inline-share-buttons\" ><\/div><h3 class=\"post-title entry-title\" itemprop=\"headline\" style=\"background-color: white; color: #333333; font-family: Oswald, sans-serif; font-size: 20px; font-stretch: normal; font-variant-east-asian: normal; font-variant-numeric: normal; font-weight: normal; line-height: 1.1; margin: 0px 0px 10px; padding: 0px; position: relative;\"><\/h3>\n<div class=\"post-body entry-content\" id=\"post-body-7345243311673401796\" style=\"background-color: white; color: #555555; font-family: Roboto, Arial, Helvetica, sans-serif; font-size: 13px; line-height: 1.7; margin: 0px; overflow: hidden; padding: 0px; width: 615px;\">\n<div class=\"Text\" style=\"line-height: 19.5px; text-align: justify; text-indent: 0pt;\"><span style=\"font-family: &quot;&quot;;\">In pragul mileniului trei, constat\u0103m c\u0103&nbsp;<\/span><span style=\"font-family: &quot;&quot;;\">mersul istoriei pe continentul european cunoa\u015fte un proces de accelerare<\/span><span style=\"font-family: &quot;&quot;;\"><b><\/b>dominat de evolu\u0163ii, uneori, antagonice: pe de o parte avem de-a face cu un fenomen de integrare manifestat prin voin\u0163a declarat\u0103 a unui num\u0103r tot mai mare de \u0163\u0103ri de a adera la structuri de cooperare multilateral\u0103, dintre care exemplul cel mai avansat il constituie Uniunea European\u0103 in cazul c\u0103reia are loc \u015fi un transfer progresiv de suveranitate de la nivel na\u0163ional la nivel suprana\u0163ional, iar, pe de alt\u0103 parte, asist\u0103m la mi\u015fc\u0103ri de divizare \u015fi disolu\u0163ie a unor state \u015fi apari\u0163ia altora, pe baza criteriului etnic. Pe lang\u0103 acestea, sunt prezente concomitent diferite tendin\u0163e de interna\u0163ionalism sau, din contr\u0103, de regionalizare, de stabilire a unor noi echilibre in plan politic \u015fi&nbsp;<a href=\"https:\/\/www.blogger.com\/blogger.g?blogID=4202955034125599721\" name=\"more\" style=\"color: #ee5307; outline: none; text-decoration-line: none;\"><\/a>economic &#8211; toate cu consecin\u0163e asupra viitorului, stabilit\u0103\u0163ii \u015fi dezvolt\u0103rii Europei in ansamblul s\u0103u. Intrucat accesul la o informare obiectiv\u0103 este indispensabil pentru in\u0163elegerea marilor teme europene ale momentului, asist\u0103m, in ultimul timp, la un adev\u0103rat \u201cbombardament\u201d informa\u0163ional propagat, atat prin mass media, cat \u015fi prin intermediul unui num\u0103r din ce in ce mai mare de lucr\u0103ri de specialitate, toate avand ca obiect fenomenul integr\u0103rii europene. Utilizarea unor termeni consacra\u0163i in doctrina, jurispruden\u0163a \u015fi practica institu\u0163iilor Uniunii Europene este ins\u0103 adesea f\u0103cut\u0103 in mod eronat f\u0103r\u0103 relevarea semnifica\u0163iei exacte, a originii ori con\u0163inutului acestora. Iat\u0103 de ce obiectivul prezentei lucr\u0103ri il constituie tocmai punerea la dispozi\u0163ia tuturor celor interesa\u0163i de&nbsp;<b>fenomenul atat de complex al integrarii europene<\/b>\u2013 fie ei oameni politici, speciali\u015fti implica\u0163i direct in procesul de preg\u0103tire a ader\u0103rii Romaniei la UE, utilizatori ai fondurilor comunitare, oameni de afaceri ce intr\u0103 in contact cu normele economiei de pia\u0163\u0103 comunitare, studen\u0163i sau simpli pasiona\u0163i de acest subiect \u2013 a unui&nbsp;<b>ansamblu structurat \u015fi coerent de termeni, cu care se opereaz\u0103 in spa\u0163iul Uniunii Europene<\/b>. Necesitatea unui astfel de instrument este justificat\u0103 \u015fi de evolu\u0163ia ireversibil\u0103 care conduce Romania, de-a lungul unui proces ce se intinde pe o perioad\u0103 de 10 &#8211; 15 ani \u015fi care a inceput odat\u0103 cu incheierea Acordului de Asociere, spre statutul de membru al UE astfel incat tot mai mul\u0163i sunt cei care, prin natura profesiei sau din curiozitate, vin in contact cu terminologia \u015fi principiile dreptului comunitar. Acesta este motivul pentru care lucrarea de fa\u0163\u0103 a fost gandit\u0103 dup\u0103 modelul unui \u201cdic\u0163ionar\u201d, termenii fiind prezenta\u0163i in ordine alfabetic\u0103 \u015fi inso\u0163i\u0163i de o serie de explica\u0163ii ce se doresc a fi clare \u015fi precise, plecand de la o documenta\u0163ie de drept comunitar adecvat\u0103.<\/span><\/div>\n<\/div>\n","protected":false},"excerpt":{"rendered":"<p>In pragul mileniului trei, constat\u0103m c\u0103&nbsp;mersul istoriei pe continentul european cunoa\u015fte un proces de acceleraredominat de evolu\u0163ii, uneori, antagonice: pe de o parte avem de-a face cu un fenomen de integrare manifestat prin voin\u0163a declarat\u0103 a unui num\u0103r tot mai mare de \u0163\u0103ri de a adera la structuri de cooperare multilateral\u0103, dintre care exemplul cel [&hellip;]<\/p>\n","protected":false},"author":3,"featured_media":0,"comment_status":"closed","ping_status":"closed","sticky":false,"template":"","format":"standard","meta":[],"categories":[1],"tags":[],"aioseo_notices":[],"_links":{"self":[{"href":"https:\/\/cvnextjob.com\/index.php\/wp-json\/wp\/v2\/posts\/107229"}],"collection":[{"href":"https:\/\/cvnextjob.com\/index.php\/wp-json\/wp\/v2\/posts"}],"about":[{"href":"https:\/\/cvnextjob.com\/index.php\/wp-json\/wp\/v2\/types\/post"}],"author":[{"embeddable":true,"href":"https:\/\/cvnextjob.com\/index.php\/wp-json\/wp\/v2\/users\/3"}],"replies":[{"embeddable":true,"href":"https:\/\/cvnextjob.com\/index.php\/wp-json\/wp\/v2\/comments?post=107229"}],"version-history":[{"count":0,"href":"https:\/\/cvnextjob.com\/index.php\/wp-json\/wp\/v2\/posts\/107229\/revisions"}],"wp:attachment":[{"href":"https:\/\/cvnextjob.com\/index.php\/wp-json\/wp\/v2\/media?parent=107229"}],"wp:term":[{"taxonomy":"category","embeddable":true,"href":"https:\/\/cvnextjob.com\/index.php\/wp-json\/wp\/v2\/categories?post=107229"},{"taxonomy":"post_tag","embeddable":true,"href":"https:\/\/cvnextjob.com\/index.php\/wp-json\/wp\/v2\/tags?post=107229"}],"curies":[{"name":"wp","href":"https:\/\/api.w.org\/{rel}","templated":true}]}}